{"id":132156,"date":"2019-01-28T08:25:02","date_gmt":"2019-01-28T10:25:02","guid":{"rendered":"https:\/\/diarioregionaldigital.com.br\/?p=132156"},"modified":"2019-01-28T15:40:08","modified_gmt":"2019-01-28T17:40:08","slug":"vale-tem-bens-bloqueados-e-suspende-pagamento-de-bonus-a-acionistas","status":"publish","type":"post","link":"https:\/\/diarioregionaldigital.com.br\/?p=132156","title":{"rendered":"Vale tem bens bloqueados e suspende pagamento de b\u00f4nus a acionistas"},"content":{"rendered":"<p>Ap\u00f3s a trag\u00e9dia do rompimento de uma barragem da Mina do C\u00f3rrego do Feij\u00e3o, em Brumadinho (MG), na sexta-feira, 25, que deixou pelo menos 58 mortos, a mineradora Vale, respons\u00e1vel pela barragem, enviou dois fatos relevantes para a Bolsa de Valores de S\u00e3o Paulo. Os comunicados ao mercado financeiro foram feitos na noite desse domingo, 27, ap\u00f3s reuni\u00e3o extraordin\u00e1ria do Conselho Adminstrativo da empresa.<\/p>\n<p>O primeiro informa sobre a decis\u00e3o da\u00a0Justi\u00e7a\u00a0de bloquear bens da mineradora no valor total de R$11 bilh\u00f5es, al\u00e9m de determinar que a Vale \u201cadote as medidas necess\u00e1rias para garantir a estabilidade da barragem VI do Complexo Mina do C\u00f3rrego do Feij\u00e3o, se responsabilize pelo acolhimento e integral assist\u00eancia \u00e0s pessoas atingidas\u201d, dentre outras obriga\u00e7\u00f5es, informa o comunicado.<\/p>\n<p>A empresa informa tamb\u00e9m que recebeu san\u00e7\u00f5es administrativas pelo Instituto Brasileiro do Meio Ambiente e dos Recursos Naturais Renov\u00e1veis (Ibama), no valor de R$ 250 milh\u00f5es, e pelo Estado de Minas Gerais, em R$99 milh\u00f5es.<\/p>\n<p>O segundo comunicado informa sobre a constitui\u00e7\u00e3o de dois Comit\u00eas Independentes de Assessoramento Extraordin\u00e1rio (Ciae) ao Conselho de Administra\u00e7\u00e3o. O Ciae de Apoio e Repara\u00e7\u00e3o acompanhar\u00e1 as provid\u00eancias tomadas para assist\u00eancia \u00e0s v\u00edtimase e recupera\u00e7\u00e3o da \u00e1rea atingida. O Ciae Apura\u00e7\u00e3o se dedicar\u00e1 a buscar as causas e responsabilidades pelo acidente. Ambos ser\u00e3o coordenados e compostos por \u201cmaioria de membros externos, independentes, de reputa\u00e7\u00e3o ilibada e com experi\u00eancia nos temas de que se ocupar\u00e3o, a serem indicadas pelo Conselho\u201d.<\/p>\n<p>O Conselho determinou tamb\u00e9m a suspens\u00e3o da Pol\u00edtica de Remunera\u00e7\u00e3o aos Acionistas, ou seja, o n\u00e3o pagamento de dividendos e juros sobre o capital pr\u00f3prio, bem como delibera\u00e7\u00f5es sobre recompra de a\u00e7\u00f5es. Al\u00e9m disso, foi suspenso o pagamento da remunera\u00e7\u00e3o vari\u00e1vel aos executivos.<\/p>\n<p>A Vale encerra o comunicado informando que o Conselho de Administra\u00e7\u00e3o \u201cpermanece em prontid\u00e3o e acompanhando a evolu\u00e7\u00e3o dos eventos relativos ao rompimento da barragem e tomar\u00e1 as medidas adicionais necess\u00e1rias\u201d.<\/p>\n<p><em>Fonte: Ag\u00eancia Brasil<\/em><\/p>\n","protected":false},"excerpt":{"rendered":"<p>Ap\u00f3s a trag\u00e9dia do rompimento de uma barragem da Mina do C\u00f3rrego do Feij\u00e3o, em Brumadinho (MG), na sexta-feira, 25, que deixou pelo menos 58 mortos, a mineradora Vale, respons\u00e1vel pela barragem, enviou dois fatos relevantes para a Bolsa de Valores de S\u00e3o Paulo. Os comunicados ao mercado financeiro foram feitos na noite desse domingo, [&hellip;]<\/p>\n","protected":false},"author":96,"featured_media":0,"comment_status":"closed","ping_status":"closed","sticky":false,"template":"","format":"standard","meta":{"footnotes":""},"categories":[302,436,439],"tags":[],"class_list":["post-132156","post","type-post","status-publish","format-standard","hentry","category-brasil-mundo","category-destaque-da-semana","category-ultima-hora"],"_links":{"self":[{"href":"https:\/\/diarioregionaldigital.com.br\/index.php?rest_route=\/wp\/v2\/posts\/132156","targetHints":{"allow":["GET"]}}],"collection":[{"href":"https:\/\/diarioregionaldigital.com.br\/index.php?rest_route=\/wp\/v2\/posts"}],"about":[{"href":"https:\/\/diarioregionaldigital.com.br\/index.php?rest_route=\/wp\/v2\/types\/post"}],"author":[{"embeddable":true,"href":"https:\/\/diarioregionaldigital.com.br\/index.php?rest_route=\/wp\/v2\/users\/96"}],"replies":[{"embeddable":true,"href":"https:\/\/diarioregionaldigital.com.br\/index.php?rest_route=%2Fwp%2Fv2%2Fcomments&post=132156"}],"version-history":[{"count":0,"href":"https:\/\/diarioregionaldigital.com.br\/index.php?rest_route=\/wp\/v2\/posts\/132156\/revisions"}],"wp:attachment":[{"href":"https:\/\/diarioregionaldigital.com.br\/index.php?rest_route=%2Fwp%2Fv2%2Fmedia&parent=132156"}],"wp:term":[{"taxonomy":"category","embeddable":true,"href":"https:\/\/diarioregionaldigital.com.br\/index.php?rest_route=%2Fwp%2Fv2%2Fcategories&post=132156"},{"taxonomy":"post_tag","embeddable":true,"href":"https:\/\/diarioregionaldigital.com.br\/index.php?rest_route=%2Fwp%2Fv2%2Ftags&post=132156"}],"curies":[{"name":"wp","href":"https:\/\/api.w.org\/{rel}","templated":true}]}}