{"id":132153,"date":"2019-01-28T09:26:59","date_gmt":"2019-01-28T11:26:59","guid":{"rendered":"https:\/\/diarioregionaldigital.com.br\/?p=132153"},"modified":"2019-01-28T09:26:59","modified_gmt":"2019-01-28T11:26:59","slug":"bb-e-caixa-abrem-contas-de-doacao-e-agencias-moveis-em-brumadinho","status":"publish","type":"post","link":"https:\/\/diarioregionaldigital.com.br\/?p=132153","title":{"rendered":"BB e Caixa abrem contas de doa\u00e7\u00e3o e ag\u00eancias m\u00f3veis em Brumadinho"},"content":{"rendered":"<p>A Caixa e o Banco do Brasil anunciaram a abertura de contas para receber doa\u00e7\u00f5es para Brumadinho e a abertura de ag\u00eancias m\u00f3veis para atendimento \u00e0 popula\u00e7\u00e3o do munic\u00edpio, que enfrenta as consequ\u00eancias do rompimento de uma barragem.<\/p>\n<p>A conta corrente do Banco do Brasil \u00e9 em nome da prefeitura local para receber doa\u00e7\u00f5es: ag\u00eancia 1669-1, conta 200-3 (SOS Brumadinho), CNPJ 18.363.929\/0001-40. O recurso ser\u00e1 usado para necessidades urgentes da popula\u00e7\u00e3o local afetada, informou o banco.<\/p>\n<p>Segundo o banco, a gest\u00e3o dos recursos deve ser compartilhada. Nesta segunda-feira, 28, haver\u00e1 uma reuni\u00e3o entre Banco do Brasil, prefeitura, Minist\u00e9rio P\u00fablico e a Justi\u00e7a local, para discutir sobre a aplica\u00e7\u00e3o dos recursos e a presta\u00e7\u00e3o de contas.<\/p>\n<p>A ag\u00eancia m\u00f3vel do Banco do Brasil entra em funcionamento hoje e refor\u00e7ar\u00e1 o atendimento oferecido pela ag\u00eancia local, que n\u00e3o foi afetada pelo rompimento da barragem.<\/p>\n<p>A Caixa far\u00e1 atendimento por meio um caminh\u00e3o-ag\u00eancia a partir desta ter\u00e7a-feira, 29, para refor\u00e7ar o atendimento banc\u00e1rio na cidade.<\/p>\n<p>A Ag\u00eancia da Caixa em Brumadinho abrir\u00e1 uma hora mais cedo hoje, fechando tamb\u00e9m uma hora mais tarde para garantir o atendimento \u00e0s pessoas da cidade.<\/p>\n<p>A Caixa tamb\u00e9m abrir\u00e1 uma conta para receber as doa\u00e7\u00f5es. Os dados da conta corrente, em nome da Defesa Civil, ser\u00e3o divulgados nesta segunda-feira, 28.<\/p>\n<p><em>Fonte: Ag\u00eancia Brasil<\/em><\/p>\n","protected":false},"excerpt":{"rendered":"<p>A Caixa e o Banco do Brasil anunciaram a abertura de contas para receber doa\u00e7\u00f5es para Brumadinho e a abertura de ag\u00eancias m\u00f3veis para atendimento \u00e0 popula\u00e7\u00e3o do munic\u00edpio, que enfrenta as consequ\u00eancias do rompimento de uma barragem. A conta corrente do Banco do Brasil \u00e9 em nome da prefeitura local para receber doa\u00e7\u00f5es: ag\u00eancia [&hellip;]<\/p>\n","protected":false},"author":96,"featured_media":0,"comment_status":"closed","ping_status":"closed","sticky":false,"template":"","format":"standard","meta":{"footnotes":""},"categories":[302,439],"tags":[],"class_list":["post-132153","post","type-post","status-publish","format-standard","hentry","category-brasil-mundo","category-ultima-hora"],"_links":{"self":[{"href":"https:\/\/diarioregionaldigital.com.br\/index.php?rest_route=\/wp\/v2\/posts\/132153","targetHints":{"allow":["GET"]}}],"collection":[{"href":"https:\/\/diarioregionaldigital.com.br\/index.php?rest_route=\/wp\/v2\/posts"}],"about":[{"href":"https:\/\/diarioregionaldigital.com.br\/index.php?rest_route=\/wp\/v2\/types\/post"}],"author":[{"embeddable":true,"href":"https:\/\/diarioregionaldigital.com.br\/index.php?rest_route=\/wp\/v2\/users\/96"}],"replies":[{"embeddable":true,"href":"https:\/\/diarioregionaldigital.com.br\/index.php?rest_route=%2Fwp%2Fv2%2Fcomments&post=132153"}],"version-history":[{"count":0,"href":"https:\/\/diarioregionaldigital.com.br\/index.php?rest_route=\/wp\/v2\/posts\/132153\/revisions"}],"wp:attachment":[{"href":"https:\/\/diarioregionaldigital.com.br\/index.php?rest_route=%2Fwp%2Fv2%2Fmedia&parent=132153"}],"wp:term":[{"taxonomy":"category","embeddable":true,"href":"https:\/\/diarioregionaldigital.com.br\/index.php?rest_route=%2Fwp%2Fv2%2Fcategories&post=132153"},{"taxonomy":"post_tag","embeddable":true,"href":"https:\/\/diarioregionaldigital.com.br\/index.php?rest_route=%2Fwp%2Fv2%2Ftags&post=132153"}],"curies":[{"name":"wp","href":"https:\/\/api.w.org\/{rel}","templated":true}]}}