{"id":132146,"date":"2019-01-28T08:20:32","date_gmt":"2019-01-28T10:20:32","guid":{"rendered":"https:\/\/diarioregionaldigital.com.br\/?p=132146"},"modified":"2019-01-28T08:20:32","modified_gmt":"2019-01-28T10:20:32","slug":"militares-israelenses-comecam-nesta-segunda-resgate-de-vitimas-em-brumadinho","status":"publish","type":"post","link":"https:\/\/diarioregionaldigital.com.br\/?p=132146","title":{"rendered":"Militares israelenses come\u00e7am nesta segunda resgate de v\u00edtimas em Brumadinho"},"content":{"rendered":"<p>Um grupo de cerca de 130 militares m\u00e9dicos, engenheiros, bombeiros e t\u00e9cnicos de Israel come\u00e7a a trabalhar nas primeiras horas desta segunda-feira, 28,\u00a0nas opera\u00e7\u00f5es de resgate na regi\u00e3o de Brumadinho, nos arredores de Belo Horizonte (MG). Os\u00a0israelenses\u00a0trouxeram equipamentos modernos para rastreamento, com capacidade de capta\u00e7\u00e3o de imagens e detectores de vozes e ecos.<\/p>\n<p>Os\u00a0homens e mulheres israelenses\u00a0chegaram por volta das 21h30 a Belo Horizonte e foram recebidos pelo governador de Minas Gerais, Romeu Zema (Novo), na pista do Aeroporto Internacional de Belo Horizonte, em Confins, na regi\u00e3o metropolitana da capital.<\/p>\n<p>Os militares israelenses v\u00e3o ajudar nas buscas por v\u00edtimas do rompimento da barragem da Mina C\u00f3rrego do Feij\u00e3o, da empresa Vale, em Brumadinho.<\/p>\n<p>Na conta das For\u00e7as Armadas de Israel, no Twitter, h\u00e1 um v\u00eddeo em que relatam o trabalho que ser\u00e1 feito no Brasil, semelhante a outros realizados em distintos pa\u00edses, como Estados Unidos, Sri Lanka, \u00cdndia, Cambodja, Congo, Argentina e Col\u00f4mbia. O v\u00eddeo mostra as bandeiras do Brasil e da \u00cdndia.<\/p>\n<p>Em sua conta pessoal no Twitter, o primeiro-ministro de Israel, Benjamin Netanyahu, postou nesse domingo,\u00a027, imagens dos militares enviados para o Brasil e destacou a import\u00e2ncia da opera\u00e7\u00e3o. \u201cA delega\u00e7\u00e3o israelense est\u00e1 a caminho do Brasil para ajudar as v\u00edtimas do desastre do desabamento da barragem. N\u00f3s ajudamos nossos amigos.\u201d<\/p>\n<p><em>Fonte: Ag\u00eancia Brasil<\/em><\/p>\n","protected":false},"excerpt":{"rendered":"<p>Um grupo de cerca de 130 militares m\u00e9dicos, engenheiros, bombeiros e t\u00e9cnicos de Israel come\u00e7a a trabalhar nas primeiras horas desta segunda-feira, 28,\u00a0nas opera\u00e7\u00f5es de resgate na regi\u00e3o de Brumadinho, nos arredores de Belo Horizonte (MG). Os\u00a0israelenses\u00a0trouxeram equipamentos modernos para rastreamento, com capacidade de capta\u00e7\u00e3o de imagens e detectores de vozes e ecos. Os\u00a0homens e [&hellip;]<\/p>\n","protected":false},"author":96,"featured_media":0,"comment_status":"closed","ping_status":"closed","sticky":false,"template":"","format":"standard","meta":{"footnotes":""},"categories":[302,436,440,439],"tags":[],"class_list":["post-132146","post","type-post","status-publish","format-standard","hentry","category-brasil-mundo","category-destaque-da-semana","category-destaques-do-dia","category-ultima-hora"],"_links":{"self":[{"href":"https:\/\/diarioregionaldigital.com.br\/index.php?rest_route=\/wp\/v2\/posts\/132146","targetHints":{"allow":["GET"]}}],"collection":[{"href":"https:\/\/diarioregionaldigital.com.br\/index.php?rest_route=\/wp\/v2\/posts"}],"about":[{"href":"https:\/\/diarioregionaldigital.com.br\/index.php?rest_route=\/wp\/v2\/types\/post"}],"author":[{"embeddable":true,"href":"https:\/\/diarioregionaldigital.com.br\/index.php?rest_route=\/wp\/v2\/users\/96"}],"replies":[{"embeddable":true,"href":"https:\/\/diarioregionaldigital.com.br\/index.php?rest_route=%2Fwp%2Fv2%2Fcomments&post=132146"}],"version-history":[{"count":0,"href":"https:\/\/diarioregionaldigital.com.br\/index.php?rest_route=\/wp\/v2\/posts\/132146\/revisions"}],"wp:attachment":[{"href":"https:\/\/diarioregionaldigital.com.br\/index.php?rest_route=%2Fwp%2Fv2%2Fmedia&parent=132146"}],"wp:term":[{"taxonomy":"category","embeddable":true,"href":"https:\/\/diarioregionaldigital.com.br\/index.php?rest_route=%2Fwp%2Fv2%2Fcategories&post=132146"},{"taxonomy":"post_tag","embeddable":true,"href":"https:\/\/diarioregionaldigital.com.br\/index.php?rest_route=%2Fwp%2Fv2%2Ftags&post=132146"}],"curies":[{"name":"wp","href":"https:\/\/api.w.org\/{rel}","templated":true}]}}