{"id":132136,"date":"2019-01-26T18:40:32","date_gmt":"2019-01-26T20:40:32","guid":{"rendered":"https:\/\/diarioregionaldigital.com.br\/?p=132136"},"modified":"2019-01-26T18:43:41","modified_gmt":"2019-01-26T20:43:41","slug":"bombeiros-confirmam-34-mortes-em-brumadinho","status":"publish","type":"post","link":"https:\/\/diarioregionaldigital.com.br\/?p=132136","title":{"rendered":"Bombeiros confirmam 34 mortes em Brumadinho"},"content":{"rendered":"<p>O Corpo de Bombeiros de Minas Gerais divulgou boletim no final do dia, 26, confirmando a morte de 34 pessoas por causa do rompimento de barragem de rejeitos da mineradora Vale no C\u00f3rrego do Feij\u00e3o, em Brumadinho (MG). Ainda segundo os bombeiros, 23 pessoas foram encaminhadas aos hospitais e 81 est\u00e3o desabrigadas.<\/p>\n<p>Nesta tarde, o governo de Minas Gerais confirmou a\u00a0identifica\u00e7\u00e3o\u00a0da primeira v\u00edtima do rompimento da barragem. Trata-se da m\u00e9dica Marcelle Cangussu, de 35 anos, que trabalhava na companhia.<\/p>\n<p>A Defesa Civil de Belo Horizonte divulgou alerta para o aumento da intensidade das chuvas na regi\u00e3o, recomendando aten\u00e7\u00e3o redobrada. Mais cedo, autoridades locais que coordenam as equipes de busca e resgate alertaram que as chuvas poderiam complicar a busca por sobreviventes.<\/p>\n<p>Os\u00a0bombeiros buscam\u00a0por sobreviventes em quatro locais: um \u00f4nibus e uma locomotiva j\u00e1 localizados, um pr\u00e9dio pr\u00f3ximo ao restaurante da Vale e tamb\u00e9m a comunidade Parque das Cachoeiras. Quatorze aeronaves fazem o trabalho de busca e resgate de v\u00edtimas, incluindo helic\u00f3pteros da Pol\u00edcia Militar e da Pol\u00edcia Civil de Minas Gerais e da For\u00e7a A\u00e9rea Brasileira, al\u00e9m de uma aeronave cedida pelo estado do Rio de Janeiro.<\/p>\n<p>O rompimento da barragem B1 ocorreu no in\u00edcio da tarde de ontem, 25, na Mina C\u00f3rrego do Feij\u00e3o. A quantidade de rejeito acumulado na estrutura fez com que uma outra barragem transbordasse. A lama atingiu uma \u00e1rea administrativa da companhia e parte da comunidade de Vila Ferteco. A barragem estava h\u00e1 mais de tr\u00eas anos inativa, sem receber res\u00edduos. A \u00faltima auditoria n\u00e3o apontou nenhuma irregularidade, segundo a mineradora. A Vale ainda n\u00e3o informou o que motivou o rompimento.<\/p>\n<h1>Defesa Civil Nacional reconhece calamidade p\u00fablica em Brumadinho<\/h1>\n<p>A Defesa Civil Nacional, ligada ao Minist\u00e9rio do Desenvolvimento Regional, reconheceu o estado de calamidade p\u00fablica em Brumadinho, na regi\u00e3o metropolitana de Belo Horizonte (MG). A decis\u00e3o foi publicada em edi\u00e7\u00e3o extra do\u00a0<a href=\"http:\/\/pesquisa.in.gov.br\/imprensa\/jsp\/visualiza\/index.jsp?jornal=601&amp;pagina=1&amp;data=26\/01\/2019\" target=\"_blank\" rel=\"noopener\">Di\u00e1rio Oficial da Uni\u00e3o<\/a>.<\/p>\n<p>O reconhecimento sum\u00e1rio da situa\u00e7\u00e3o de calamidade ocorre em casos de eventos anormais, de grande intensidade e impacto, que causam danos e preju\u00edzos e afetam a capacidade de socorro e de assist\u00eancia local da popula\u00e7\u00e3o.<\/p>\n<p>O minist\u00e9rio instalou em Brumadinho um posto de opera\u00e7\u00f5es para \u00f3rg\u00e3os federais foi instalado no munic\u00edpio. Conforme nota da pasta, \u201co monitoramento da regi\u00e3o, das situa\u00e7\u00f5es clim\u00e1ticas e dos servi\u00e7os essenciais est\u00e1 sendo realizado 24h por equipes do Centro Nacional de Gerenciamento de Riscos e Desastres (Cenad), que enviam constantemente alertas e informa\u00e7\u00f5es ao Centro de Comandado criado pela Defesa Civil municipal\u201d.<\/p>\n<h2>Doa\u00e7\u00f5es<\/h2>\n<p>O Governo do Estado de Minas Gerais informou que neste momento \u201cn\u00e3o \u00e9 necess\u00e1rio realizar campanhas de arrecada\u00e7\u00e3o de donativos e \u00e1gua para as v\u00edtimas atingidas pelo rompimento de uma barragem no munic\u00edpio de Brumadinho, regi\u00e3o metropolitana da capital mineira\u201d. Conforme informa\u00e7\u00e3o repassada \u00e0 imprensa, \u201cagora, a prioridade \u00e9 resgatar v\u00edtimas e evitar novos danos ou ocorr\u00eancias na regi\u00e3o.<\/p>\n<h1>Justi\u00e7a mineira bloqueia R$ 5 bilh\u00f5es da Vale<\/h1>\n<p>A Justi\u00e7a de Minas Gerais bloqueou R$ 5 bilh\u00f5es da mineradora Vale com intuito de garantir recursos para medidas emergenciais e a repara\u00e7\u00e3o de danos ambientais decorrentes do rompimento da barragem nas imedia\u00e7\u00f5es da mina C\u00f3rrego do Feij\u00e3o, no munic\u00edpio de Brumadinho, regi\u00e3o metropolitana de Belo Horizonte (MG).<\/p>\n<p>A pedido do Minist\u00e9rio P\u00fablico de Minas Gerais, a ju\u00edza Perla Saliba Brito tamb\u00e9m determinou que a Vale adote medidas necess\u00e1rias para garantir a estabilidade de outra barragem no Complexo Mina do Feij\u00e3o (Barragem VI). Mais cedo, o juiz Renan Chaves Carreira Machado, respons\u00e1vel pelo plant\u00e3o judicial do Tribunal de Justi\u00e7a de Minas Gerais, em Belo Horizonte,\u00a0ordenou\u00a0o bloqueio de R$ 1 bilh\u00e3o da mineradora.<\/p>\n<p>Segundo o MP, h\u00e1 \u201crisco eminente da barragem VI, cujo rompimento seria respons\u00e1vel pelo derramamento de milh\u00f5es de metros c\u00fabicos de \u00e1gua revolvendo o min\u00e9rio j\u00e1 despejado em raz\u00e3o do rompimento das demais barragens\u201d.<\/p>\n<p>Conforme a Ag\u00eancia Nacional de Minera\u00e7\u00e3o, a barragem que se rompeu servia para conten\u00e7\u00e3o de rejeitos da atividade mineradora da Vale, e \u201cn\u00e3o apresentava pend\u00eancias documentais\u201d. De acordo com a ag\u00eancia, a Vale apresentou, em mar\u00e7o, junho e setembro do ano passado \u201cDeclara\u00e7\u00e3o de Condi\u00e7\u00e3o de Estabilidade\u201d expedida por auditoria independente.<\/p>\n<p>O rompimento da barragem B1 ocorreu no in\u00edcio da tarde de ontem, 25, na Mina C\u00f3rrego do Feij\u00e3o. A quantidade de rejeito acumulado na estrutura fez com que uma outra barragem transbordasse. A lama atingiu uma \u00e1rea administrativa da companhia e parte da comunidade. A barragem estava h\u00e1 mais de tr\u00eas anos inativa, sem receber res\u00edduos, conforme a empresa.<\/p>\n<p>Na noite desta sexta-feira, 25, o presidente da Vale, F\u00e1bio Schvartsman, concedeu entrevista sobre o\u00a0rompimento da barragem\u00a0na Mina Feij\u00e3o, em Brumadinho (MG). Segundo ele, o impacto ser\u00e1 mais humano do que ambiental e a maior parte das v\u00edtimas \u00e9 de funcion\u00e1rios da empresa. O presidente da Vale avalia que o dano ambiental ser\u00e1 menor em compara\u00e7\u00e3o com o ocorrido na trag\u00e9dia de Mariana. A Vale organizou um gabinete de crise com a participa\u00e7\u00e3o de seus diretores. Segundo ele, assistentes sociais e psic\u00f3logos, 40 ambul\u00e2ncias e 800 leitos em hospitais foram disponibilizados pela mineradora para atender as v\u00edtimas e parentes. Schvartsman disse que ainda cedo \u00e9 para saber as causas do rompimento.<\/p>\n<p>Fonte: Ag\u00eancia Brasil<\/p>\n","protected":false},"excerpt":{"rendered":"<p>O Corpo de Bombeiros de Minas Gerais divulgou boletim no final do dia, 26, confirmando a morte de 34 pessoas por causa do rompimento de barragem de rejeitos da mineradora Vale no C\u00f3rrego do Feij\u00e3o, em Brumadinho (MG). Ainda segundo os bombeiros, 23 pessoas foram encaminhadas aos hospitais e 81 est\u00e3o desabrigadas. Nesta tarde, o [&hellip;]<\/p>\n","protected":false},"author":96,"featured_media":132137,"comment_status":"closed","ping_status":"closed","sticky":false,"template":"","format":"standard","meta":{"footnotes":""},"categories":[436,252,439],"tags":[],"class_list":["post-132136","post","type-post","status-publish","format-standard","has-post-thumbnail","hentry","category-destaque-da-semana","category-regiao","category-ultima-hora"],"_links":{"self":[{"href":"https:\/\/diarioregionaldigital.com.br\/index.php?rest_route=\/wp\/v2\/posts\/132136","targetHints":{"allow":["GET"]}}],"collection":[{"href":"https:\/\/diarioregionaldigital.com.br\/index.php?rest_route=\/wp\/v2\/posts"}],"about":[{"href":"https:\/\/diarioregionaldigital.com.br\/index.php?rest_route=\/wp\/v2\/types\/post"}],"author":[{"embeddable":true,"href":"https:\/\/diarioregionaldigital.com.br\/index.php?rest_route=\/wp\/v2\/users\/96"}],"replies":[{"embeddable":true,"href":"https:\/\/diarioregionaldigital.com.br\/index.php?rest_route=%2Fwp%2Fv2%2Fcomments&post=132136"}],"version-history":[{"count":0,"href":"https:\/\/diarioregionaldigital.com.br\/index.php?rest_route=\/wp\/v2\/posts\/132136\/revisions"}],"wp:featuredmedia":[{"embeddable":true,"href":"https:\/\/diarioregionaldigital.com.br\/index.php?rest_route=\/wp\/v2\/media\/132137"}],"wp:attachment":[{"href":"https:\/\/diarioregionaldigital.com.br\/index.php?rest_route=%2Fwp%2Fv2%2Fmedia&parent=132136"}],"wp:term":[{"taxonomy":"category","embeddable":true,"href":"https:\/\/diarioregionaldigital.com.br\/index.php?rest_route=%2Fwp%2Fv2%2Fcategories&post=132136"},{"taxonomy":"post_tag","embeddable":true,"href":"https:\/\/diarioregionaldigital.com.br\/index.php?rest_route=%2Fwp%2Fv2%2Ftags&post=132136"}],"curies":[{"name":"wp","href":"https:\/\/api.w.org\/{rel}","templated":true}]}}