{"id":132133,"date":"2019-01-26T09:36:51","date_gmt":"2019-01-26T11:36:51","guid":{"rendered":"https:\/\/diarioregionaldigital.com.br\/?p=132133"},"modified":"2019-01-26T17:37:36","modified_gmt":"2019-01-26T19:37:36","slug":"ibama-aplica-multa-de-r-250-milhoes-a-mineradora-vale","status":"publish","type":"post","link":"https:\/\/diarioregionaldigital.com.br\/?p=132133","title":{"rendered":"Ibama aplica multa de R$ 250 milh\u00f5es \u00e0 mineradora Vale"},"content":{"rendered":"<p>O Instituto Brasileiro de Meio Ambiente e Recursos Naturais Renov\u00e1veis (Ibama) multou hoje, 26, a mineradora Vale em R$ 250 milh\u00f5es. A companhia \u00e9 respons\u00e1vel pela barragem de rejeitos que se rompeu ontem, 25, na regi\u00e3o metropolitana de Belo Horizonte.<\/p>\n<p>&#8220;A mineradora Vale, respons\u00e1vel pela cat\u00e1strofe socioambiental ocorrida na tarde de ontem, 25, em Brumadinho (MG), foi multada pelo Ibama neste s\u00e1bado (26\/01) em R$ 250 milh\u00f5es&#8221;, diz nota do \u00f3rg\u00e3o.<\/p>\n<p>O valor da multa acumula cinco autos de infra\u00e7\u00e3o no valor de R$ 50 milh\u00f5es cada \u2013 o m\u00e1ximo previsto na Lei de Crimes Ambientais. Os autos foram aplicados com base no\u00a0<a href=\"http:\/\/www.planalto.gov.br\/ccivil_03\/_Ato2007-2010\/2008\/Decreto\/D6514.htm\" target=\"_blank\" rel=\"noopener\">Decreto 6514\/2008<\/a>.<\/p>\n<p>A Vale est\u00e1 sendo multada por causar polui\u00e7\u00e3o que possa resultar em danos \u00e0 sa\u00fade humana; tornar \u00e1rea urbana ou rural impr\u00f3pria para a ocupa\u00e7\u00e3o humana; causar polui\u00e7\u00e3o h\u00eddrica que torne necess\u00e1ria a interrup\u00e7\u00e3o do abastecimento de \u00e1gua; provocar, pela emiss\u00e3o de efluentes ou carregamento de materiais, o perecimento de esp\u00e9cimes da biodiversidade e por lan\u00e7ar rejeitos de minera\u00e7\u00e3o em recursos h\u00eddricos.<\/p>\n<p>Os danos s\u00e3o decorrentes do rompimento de barragens da mina C\u00f3rrego do Feij\u00e3o. Ainda n\u00e3o foi inventariada a \u00e1rea atingida e os efeitos sobre a fauna e flora da regi\u00e3o.<\/p>\n<p>Conforme nota do Ibama, agentes do instituto enviados a Brumadinho \u201cmonitoram o avan\u00e7o dos rejeitos, avaliam os danos ambientais e atuam na busca por desaparecidos e no resgate de pessoas e animais que ficaram isolados em raz\u00e3o do desastre\u201d.<\/p>\n<p>Outros autos de infra\u00e7\u00e3o e multas relacionados ao licenciamento das atividades de minera\u00e7\u00e3o poder\u00e3o ser aplicadas pela Funda\u00e7\u00e3o Estadual do Meio Ambiente (Feam).<\/p>\n<p>Fonte: Ag\u00eancia Brasil<\/p>\n","protected":false},"excerpt":{"rendered":"<p>O Instituto Brasileiro de Meio Ambiente e Recursos Naturais Renov\u00e1veis (Ibama) multou hoje, 26, a mineradora Vale em R$ 250 milh\u00f5es. A companhia \u00e9 respons\u00e1vel pela barragem de rejeitos que se rompeu ontem, 25, na regi\u00e3o metropolitana de Belo Horizonte. &#8220;A mineradora Vale, respons\u00e1vel pela cat\u00e1strofe socioambiental ocorrida na tarde de ontem, 25, em Brumadinho [&hellip;]<\/p>\n","protected":false},"author":96,"featured_media":132134,"comment_status":"closed","ping_status":"closed","sticky":false,"template":"","format":"standard","meta":{"footnotes":""},"categories":[436,440,252,439],"tags":[],"class_list":["post-132133","post","type-post","status-publish","format-standard","has-post-thumbnail","hentry","category-destaque-da-semana","category-destaques-do-dia","category-regiao","category-ultima-hora"],"_links":{"self":[{"href":"https:\/\/diarioregionaldigital.com.br\/index.php?rest_route=\/wp\/v2\/posts\/132133","targetHints":{"allow":["GET"]}}],"collection":[{"href":"https:\/\/diarioregionaldigital.com.br\/index.php?rest_route=\/wp\/v2\/posts"}],"about":[{"href":"https:\/\/diarioregionaldigital.com.br\/index.php?rest_route=\/wp\/v2\/types\/post"}],"author":[{"embeddable":true,"href":"https:\/\/diarioregionaldigital.com.br\/index.php?rest_route=\/wp\/v2\/users\/96"}],"replies":[{"embeddable":true,"href":"https:\/\/diarioregionaldigital.com.br\/index.php?rest_route=%2Fwp%2Fv2%2Fcomments&post=132133"}],"version-history":[{"count":0,"href":"https:\/\/diarioregionaldigital.com.br\/index.php?rest_route=\/wp\/v2\/posts\/132133\/revisions"}],"wp:featuredmedia":[{"embeddable":true,"href":"https:\/\/diarioregionaldigital.com.br\/index.php?rest_route=\/wp\/v2\/media\/132134"}],"wp:attachment":[{"href":"https:\/\/diarioregionaldigital.com.br\/index.php?rest_route=%2Fwp%2Fv2%2Fmedia&parent=132133"}],"wp:term":[{"taxonomy":"category","embeddable":true,"href":"https:\/\/diarioregionaldigital.com.br\/index.php?rest_route=%2Fwp%2Fv2%2Fcategories&post=132133"},{"taxonomy":"post_tag","embeddable":true,"href":"https:\/\/diarioregionaldigital.com.br\/index.php?rest_route=%2Fwp%2Fv2%2Ftags&post=132133"}],"curies":[{"name":"wp","href":"https:\/\/api.w.org\/{rel}","templated":true}]}}