{"id":132130,"date":"2019-01-26T15:48:43","date_gmt":"2019-01-26T17:48:43","guid":{"rendered":"https:\/\/diarioregionaldigital.com.br\/?p=132130"},"modified":"2019-01-26T15:48:43","modified_gmt":"2019-01-26T17:48:43","slug":"jair-bolsonaro-aceita-ajuda-de-israel-para-busca-de-desaparecidos","status":"publish","type":"post","link":"https:\/\/diarioregionaldigital.com.br\/?p=132130","title":{"rendered":"Jair Bolsonaro aceita ajuda de Israel para busca de desaparecidos"},"content":{"rendered":"<p>O presidente Jair Bolsonaro conversou com o primeiro-ministro de Israel, Benjamin Netanyahu, sobre ajuda na busca de pessoas desaparecidas ap\u00f3s o rompimento de uma barragem de conten\u00e7\u00e3o rejeitos da mineradora Vale, em Brumadinho (MG).<\/p>\n<p>&#8220;Por telefone, o primeiro-ministro de Israel nos ofereceu ajuda para a busca de desaparecidos no desastre de Brumadinho\/MG. Aceitamos e agradecemos mais essa tecnologia israelense a servi\u00e7o da humanidade\u201d, informou via Twitter .<\/p>\n<div class=\"dnd-widget-wrapper context-cheio_8colunas type-image\">\n<div class=\"dnd-atom-rendered\">\n<p>Antes da postagem pela rede social, o presidente sobrevoou a \u00e1rea atingida e, ao retornar a Bras\u00edlia, Bolsonaro disse aos jornalistas que \u201co governo federal [junto] com o governo estadual tomaram todas as provid\u00eancias de imediato para ajudar a minimizar a dor dos familiares\u201d.<\/p>\n<p>Segundo o presidente, \u201cdaqui para frente o trabalho \u00e9 basicamente de busca de desaparecidos. Infelizmente, pode aumentar muito o n\u00famero de mortes\u201d, lamentou<\/p>\n<blockquote class=\"twitter-tweet\" data-width=\"550\" data-dnt=\"true\">\n<p lang=\"pt\" dir=\"ltr\">Por telefone o 1\u00b0 ministro de Israel, <a href=\"https:\/\/twitter.com\/netanyahu?ref_src=twsrc%5Etfw\">@netanyahu<\/a> nos ofereceu ajuda para a busca de desaparecidos no desastre de Brumadinho\/MG. Aceitamos e agradecemos mais essa tecnologia israelense a servi\u00e7o da humanidade.<\/p>\n<p>&mdash; Jair M. Bolsonaro (@jairbolsonaro) <a href=\"https:\/\/twitter.com\/jairbolsonaro\/status\/1089197304437862400?ref_src=twsrc%5Etfw\">January 26, 2019<\/a><\/p><\/blockquote>\n<p><script async src=\"https:\/\/platform.twitter.com\/widgets.js\" charset=\"utf-8\"><\/script><\/p>\n<\/div>\n<\/div>\n<p>Fonte: Ag\u00eancia Brasil<\/p>\n","protected":false},"excerpt":{"rendered":"<p>O presidente Jair Bolsonaro conversou com o primeiro-ministro de Israel, Benjamin Netanyahu, sobre ajuda na busca de pessoas desaparecidas ap\u00f3s o rompimento de uma barragem de conten\u00e7\u00e3o rejeitos da mineradora Vale, em Brumadinho (MG). &#8220;Por telefone, o primeiro-ministro de Israel nos ofereceu ajuda para a busca de desaparecidos no desastre de Brumadinho\/MG. Aceitamos e agradecemos [&hellip;]<\/p>\n","protected":false},"author":96,"featured_media":132131,"comment_status":"closed","ping_status":"closed","sticky":false,"template":"","format":"standard","meta":{"footnotes":""},"categories":[436,254,439],"tags":[],"class_list":["post-132130","post","type-post","status-publish","format-standard","has-post-thumbnail","hentry","category-destaque-da-semana","category-politica","category-ultima-hora"],"_links":{"self":[{"href":"https:\/\/diarioregionaldigital.com.br\/index.php?rest_route=\/wp\/v2\/posts\/132130","targetHints":{"allow":["GET"]}}],"collection":[{"href":"https:\/\/diarioregionaldigital.com.br\/index.php?rest_route=\/wp\/v2\/posts"}],"about":[{"href":"https:\/\/diarioregionaldigital.com.br\/index.php?rest_route=\/wp\/v2\/types\/post"}],"author":[{"embeddable":true,"href":"https:\/\/diarioregionaldigital.com.br\/index.php?rest_route=\/wp\/v2\/users\/96"}],"replies":[{"embeddable":true,"href":"https:\/\/diarioregionaldigital.com.br\/index.php?rest_route=%2Fwp%2Fv2%2Fcomments&post=132130"}],"version-history":[{"count":0,"href":"https:\/\/diarioregionaldigital.com.br\/index.php?rest_route=\/wp\/v2\/posts\/132130\/revisions"}],"wp:featuredmedia":[{"embeddable":true,"href":"https:\/\/diarioregionaldigital.com.br\/index.php?rest_route=\/wp\/v2\/media\/132131"}],"wp:attachment":[{"href":"https:\/\/diarioregionaldigital.com.br\/index.php?rest_route=%2Fwp%2Fv2%2Fmedia&parent=132130"}],"wp:term":[{"taxonomy":"category","embeddable":true,"href":"https:\/\/diarioregionaldigital.com.br\/index.php?rest_route=%2Fwp%2Fv2%2Fcategories&post=132130"},{"taxonomy":"post_tag","embeddable":true,"href":"https:\/\/diarioregionaldigital.com.br\/index.php?rest_route=%2Fwp%2Fv2%2Ftags&post=132130"}],"curies":[{"name":"wp","href":"https:\/\/api.w.org\/{rel}","templated":true}]}}