{"id":132127,"date":"2019-01-26T15:45:49","date_gmt":"2019-01-26T17:45:49","guid":{"rendered":"https:\/\/diarioregionaldigital.com.br\/?p=132127"},"modified":"2019-01-26T15:45:49","modified_gmt":"2019-01-26T17:45:49","slug":"terminam-nesta-segunda-feira-as-inscricoes-para-o-sisu","status":"publish","type":"post","link":"https:\/\/diarioregionaldigital.com.br\/?p=132127","title":{"rendered":"Terminam nesta segunda-feira as inscri\u00e7\u00f5es para o Sisu"},"content":{"rendered":"<p>Termina amanh\u00e3, 27, o prazo de inscri\u00e7\u00e3o do Sistema de Sele\u00e7\u00e3o Unificada (Sisu). Os estudantes ter\u00e3o acesso ao sistema at\u00e9 as 23h59, no hor\u00e1rio de Bras\u00edlia. A inscri\u00e7\u00e3o \u00e9 feita pela<a href=\"http:\/\/sisu.mec.gov.br\/\" target=\"_blank\" rel=\"noopener\">\u00a0internet<\/a>.<\/p>\n<p>O Sisu oferece, nesta edi\u00e7\u00e3o, 235.461 vagas em 129 institui\u00e7\u00f5es p\u00fablicas de todo o pa\u00eds. Podem concorrer \u00e0s vagas os estudantes que fizeram o Enem 2018 e obtiveram nota acima de zero na prova de reda\u00e7\u00e3o. Segundo o MEC, 3,5 milh\u00f5es de estudantes preenchem os requisitos e podem concorrer \u00e0s vagas.<\/p>\n<p>At\u00e9 o fim do per\u00edodo de inscri\u00e7\u00e3o, os candidatos podem mudar as op\u00e7\u00f5es de curso. Ser\u00e1 v\u00e1lida a \u00faltima op\u00e7\u00e3o confirmada.<\/p>\n<h2>Nota de corte<\/h2>\n<p>Nesta madrugada, \u00e0 meia-noite, ser\u00e1 divulgada a \u00faltima nota de corte. A nota de corte \u00e9 uma estimativa com base nos candidatos inscritos at\u00e9 o momento. Embora n\u00e3o seja uma garantia da vaga, \u00e9 poss\u00edvel usar a informa\u00e7\u00e3o para orientar a escolha.<\/p>\n<p>Al\u00e9m da nota de corte, o candidato pode consultar, em seu boletim, a classifica\u00e7\u00e3o parcial na op\u00e7\u00e3o de curso escolhido. A classifica\u00e7\u00e3o parcial \u00e9 calculada a partir das notas dos candidatos inscritos na mesma op\u00e7\u00e3o. Trata-se, assim como a nota de corte, de uma refer\u00eancia e n\u00e3o de um garantia de vaga.<\/p>\n<p>Na hora da inscri\u00e7\u00e3o, os estudantes podem escolher at\u00e9 duas op\u00e7\u00f5es de curso, em ordem de prefer\u00eancia. A principal novidade deste ano \u00e9 que os estudantes que forem selecionados em qualquer uma das duas op\u00e7\u00f5es n\u00e3o poder\u00e3o participar da lista de espera. At\u00e9 o ano passado, aqueles que eram selecionados na segunda op\u00e7\u00e3o podiam ainda participar da lista e ter a chance de ser escolhido na primeira op\u00e7\u00e3o.<\/p>\n<h2>Calend\u00e1rio<\/h2>\n<p>O resultado ser\u00e1 divulgado na segunda-feira (28). A matr\u00edcula dos selecionados deve ser feita de 30 de janeiro a 4 de fevereiro.<\/p>\n<p>Do dia 29 de janeiro ao dia 5 de fevereiro, os estudantes que n\u00e3o foram selecionados na chamada regular, em nenhuma das op\u00e7\u00f5es, podem manifestar o interesse em participar da lista de espera. Esses alunos ser\u00e3o convocados pelas pr\u00f3prias institui\u00e7\u00f5es de ensino a partir do dia 7 de fevereiro.<\/p>\n<p>Durante o per\u00edodo de inscri\u00e7\u00e3o, o sistema do Sisu registrou sobrecarga, o que causou lentid\u00e3o e dificultou o acesso dos estudantes. Isso fez com que o MEC adiasse o fim do prazo de inscri\u00e7\u00e3o, que terminaria na sexta-feira, 25.<\/p>\n<p>Os candidatos podem acompanhar a inscri\u00e7\u00e3o pela internet, no site do Sisu, ou pelo aplicativo do sistema de sele\u00e7\u00e3o. Pelo app, \u00e9 poss\u00edvel ter acesso \u00e0s classifica\u00e7\u00f5es parciais e notas de corte, ver o resultado final e a lista de aprovados.<\/p>\n<p>Fonte: Ag\u00eancia Brasil<\/p>\n","protected":false},"excerpt":{"rendered":"<p>Termina amanh\u00e3, 27, o prazo de inscri\u00e7\u00e3o do Sistema de Sele\u00e7\u00e3o Unificada (Sisu). Os estudantes ter\u00e3o acesso ao sistema at\u00e9 as 23h59, no hor\u00e1rio de Bras\u00edlia. A inscri\u00e7\u00e3o \u00e9 feita pela\u00a0internet. O Sisu oferece, nesta edi\u00e7\u00e3o, 235.461 vagas em 129 institui\u00e7\u00f5es p\u00fablicas de todo o pa\u00eds. Podem concorrer \u00e0s vagas os estudantes que fizeram o [&hellip;]<\/p>\n","protected":false},"author":96,"featured_media":132128,"comment_status":"closed","ping_status":"closed","sticky":false,"template":"","format":"standard","meta":{"footnotes":""},"categories":[302,436,439],"tags":[],"class_list":["post-132127","post","type-post","status-publish","format-standard","has-post-thumbnail","hentry","category-brasil-mundo","category-destaque-da-semana","category-ultima-hora"],"_links":{"self":[{"href":"https:\/\/diarioregionaldigital.com.br\/index.php?rest_route=\/wp\/v2\/posts\/132127","targetHints":{"allow":["GET"]}}],"collection":[{"href":"https:\/\/diarioregionaldigital.com.br\/index.php?rest_route=\/wp\/v2\/posts"}],"about":[{"href":"https:\/\/diarioregionaldigital.com.br\/index.php?rest_route=\/wp\/v2\/types\/post"}],"author":[{"embeddable":true,"href":"https:\/\/diarioregionaldigital.com.br\/index.php?rest_route=\/wp\/v2\/users\/96"}],"replies":[{"embeddable":true,"href":"https:\/\/diarioregionaldigital.com.br\/index.php?rest_route=%2Fwp%2Fv2%2Fcomments&post=132127"}],"version-history":[{"count":0,"href":"https:\/\/diarioregionaldigital.com.br\/index.php?rest_route=\/wp\/v2\/posts\/132127\/revisions"}],"wp:featuredmedia":[{"embeddable":true,"href":"https:\/\/diarioregionaldigital.com.br\/index.php?rest_route=\/wp\/v2\/media\/132128"}],"wp:attachment":[{"href":"https:\/\/diarioregionaldigital.com.br\/index.php?rest_route=%2Fwp%2Fv2%2Fmedia&parent=132127"}],"wp:term":[{"taxonomy":"category","embeddable":true,"href":"https:\/\/diarioregionaldigital.com.br\/index.php?rest_route=%2Fwp%2Fv2%2Fcategories&post=132127"},{"taxonomy":"post_tag","embeddable":true,"href":"https:\/\/diarioregionaldigital.com.br\/index.php?rest_route=%2Fwp%2Fv2%2Ftags&post=132127"}],"curies":[{"name":"wp","href":"https:\/\/api.w.org\/{rel}","templated":true}]}}