{"id":132124,"date":"2019-01-26T15:43:18","date_gmt":"2019-01-26T17:43:18","guid":{"rendered":"https:\/\/diarioregionaldigital.com.br\/?p=132124"},"modified":"2019-01-26T15:43:18","modified_gmt":"2019-01-26T17:43:18","slug":"onu-brasil-lamenta-tragedia-em-minas-gerais","status":"publish","type":"post","link":"https:\/\/diarioregionaldigital.com.br\/?p=132124","title":{"rendered":"ONU Brasil lamenta trag\u00e9dia em Minas Gerais"},"content":{"rendered":"<p>A Organiza\u00e7\u00e3o das Na\u00e7\u00f5es Unidas (ONU) no Brasil lamentou \u201cas incomensur\u00e1veis perdas de vidas e os significativos danos ao meio ambiente e assentamentos humanos\u201d, causados pelo rompimento de uma barragem de rejeitos da mineradora Vale em Brumadinho, regi\u00e3o metropolitana de Belo Horizonte, Minas Gerais.<\/p>\n<p>A ONU apresentou seu profundo pesar e solidariedade aos familiares das v\u00edtimas e se colocou \u00e0 disposi\u00e7\u00e3o para apoiar as a\u00e7\u00f5es das autoridades brasileiras \u201cna r\u00e1pida remo\u00e7\u00e3o das v\u00edtimas e no estabelecimento de condi\u00e7\u00f5es dignas aos eventuais desabrigados e \u00e0 popula\u00e7\u00e3o atingida\u201d.<\/p>\n<p>A nota diz ainda que a &#8220;rigorosa apura\u00e7\u00e3o&#8221; dos fatos que levaram a essa trag\u00e9dia ser\u00e1 acompanhada atentamente pelos brasileiros e pela comunidade mundial: \u201cO Sistema ONU no Brasil colaborar\u00e1 com as autoridades e a sociedade civil brasileiras para superar os desafios impostos pelo rompimento da barragem\u201d.<\/p>\n<p>Leia a nota na \u00edntegra:<\/p>\n<p><em>O Sistema das Na\u00e7\u00f5es Unidas (ONU) no Brasil apresenta seu profundo pesar e solidariedade aos familiares das v\u00edtimas do rompimento da barragem em Brumadinho, regi\u00e3o metropolitana de Belo Horizonte, Minas Gerais.<\/em><\/p>\n<p><em>A ONU lamenta as incomensur\u00e1veis perdas de vidas e os significativos danos ao meio ambiente e assentamentos humanos. O Sistema ONU est\u00e1 \u00e0 disposi\u00e7\u00e3o para apoiar as a\u00e7\u00f5es das autoridades brasileiras na r\u00e1pida remo\u00e7\u00e3o das v\u00edtimas e no estabelecimento de condi\u00e7\u00f5es dignas aos eventuais desabrigados e \u00e0 popula\u00e7\u00e3o atingida. A rigorosa apura\u00e7\u00e3o dos fatos que levaram a essa trag\u00e9dia ser\u00e1 acompanhada atentamente pelos brasileiros e pela comunidade mundial.<\/em><\/p>\n<p><em>O Sistema ONU no Brasil colaborar\u00e1 com as autoridades e a sociedade civil brasileiras para superar os desafios impostos pelo rompimento da barragem.<\/em><\/p>\n<p>Fonte: Ag\u00eancia Brasil<\/p>\n","protected":false},"excerpt":{"rendered":"<p>A Organiza\u00e7\u00e3o das Na\u00e7\u00f5es Unidas (ONU) no Brasil lamentou \u201cas incomensur\u00e1veis perdas de vidas e os significativos danos ao meio ambiente e assentamentos humanos\u201d, causados pelo rompimento de uma barragem de rejeitos da mineradora Vale em Brumadinho, regi\u00e3o metropolitana de Belo Horizonte, Minas Gerais. A ONU apresentou seu profundo pesar e solidariedade aos familiares das [&hellip;]<\/p>\n","protected":false},"author":96,"featured_media":132125,"comment_status":"closed","ping_status":"closed","sticky":false,"template":"","format":"standard","meta":{"footnotes":""},"categories":[436,252,439],"tags":[],"class_list":["post-132124","post","type-post","status-publish","format-standard","has-post-thumbnail","hentry","category-destaque-da-semana","category-regiao","category-ultima-hora"],"_links":{"self":[{"href":"https:\/\/diarioregionaldigital.com.br\/index.php?rest_route=\/wp\/v2\/posts\/132124","targetHints":{"allow":["GET"]}}],"collection":[{"href":"https:\/\/diarioregionaldigital.com.br\/index.php?rest_route=\/wp\/v2\/posts"}],"about":[{"href":"https:\/\/diarioregionaldigital.com.br\/index.php?rest_route=\/wp\/v2\/types\/post"}],"author":[{"embeddable":true,"href":"https:\/\/diarioregionaldigital.com.br\/index.php?rest_route=\/wp\/v2\/users\/96"}],"replies":[{"embeddable":true,"href":"https:\/\/diarioregionaldigital.com.br\/index.php?rest_route=%2Fwp%2Fv2%2Fcomments&post=132124"}],"version-history":[{"count":0,"href":"https:\/\/diarioregionaldigital.com.br\/index.php?rest_route=\/wp\/v2\/posts\/132124\/revisions"}],"wp:featuredmedia":[{"embeddable":true,"href":"https:\/\/diarioregionaldigital.com.br\/index.php?rest_route=\/wp\/v2\/media\/132125"}],"wp:attachment":[{"href":"https:\/\/diarioregionaldigital.com.br\/index.php?rest_route=%2Fwp%2Fv2%2Fmedia&parent=132124"}],"wp:term":[{"taxonomy":"category","embeddable":true,"href":"https:\/\/diarioregionaldigital.com.br\/index.php?rest_route=%2Fwp%2Fv2%2Fcategories&post=132124"},{"taxonomy":"post_tag","embeddable":true,"href":"https:\/\/diarioregionaldigital.com.br\/index.php?rest_route=%2Fwp%2Fv2%2Ftags&post=132124"}],"curies":[{"name":"wp","href":"https:\/\/api.w.org\/{rel}","templated":true}]}}