{"id":132119,"date":"2019-01-26T09:35:58","date_gmt":"2019-01-26T11:35:58","guid":{"rendered":"https:\/\/diarioregionaldigital.com.br\/?p=132119"},"modified":"2019-01-26T17:39:31","modified_gmt":"2019-01-26T19:39:31","slug":"sobe-para-11-numero-de-mortos-em-brumadinho","status":"publish","type":"post","link":"https:\/\/diarioregionaldigital.com.br\/?p=132119","title":{"rendered":"Sobe para 11 n\u00famero de mortos em Brumadinho"},"content":{"rendered":"<p>O Corpo de Bombeiros de Minas Gerais atualizaram para 11 o n\u00famero de corpos resgatados ap\u00f3s o rompimento da barragem re rejeitos da mineradora Vale em Brumadinho. De acordo com a corpora\u00e7\u00e3o, um \u00f4nibus com funcion\u00e1rios da empresa j\u00e1 foi localizado e nenhum dos ocupantes sobreviveu.<\/p>\n<p>\u201cComo \u00e9 um local de dif\u00edcil acesso e precisamos de um maquin\u00e1rio especial para acessar a estrutura e retirar essas v\u00edtimas, ainda n\u00e3o fechamos o n\u00famero de \u00f3bitos. Mas esse n\u00famero de \u00f3bitos vai aumentar\u201d, informou o Corpo de Bombeiros.<\/p>\n<h2>Desaparecidos<\/h2>\n<p>Conforme os dados, 166 funcion\u00e1rios da Vale e 130 terceirizados est\u00e3o desaparecidos.<\/p>\n<p>Das 176 pessoas encontradas com vida, 23 est\u00e3o hospitalizadas.<\/p>\n<p>Fonte: Ag\u00eancia Brasil<\/p>\n","protected":false},"excerpt":{"rendered":"<p>O Corpo de Bombeiros de Minas Gerais atualizaram para 11 o n\u00famero de corpos resgatados ap\u00f3s o rompimento da barragem re rejeitos da mineradora Vale em Brumadinho. De acordo com a corpora\u00e7\u00e3o, um \u00f4nibus com funcion\u00e1rios da empresa j\u00e1 foi localizado e nenhum dos ocupantes sobreviveu. \u201cComo \u00e9 um local de dif\u00edcil acesso e precisamos [&hellip;]<\/p>\n","protected":false},"author":96,"featured_media":132120,"comment_status":"closed","ping_status":"closed","sticky":false,"template":"","format":"standard","meta":{"footnotes":""},"categories":[436,252,439],"tags":[],"class_list":["post-132119","post","type-post","status-publish","format-standard","has-post-thumbnail","hentry","category-destaque-da-semana","category-regiao","category-ultima-hora"],"_links":{"self":[{"href":"https:\/\/diarioregionaldigital.com.br\/index.php?rest_route=\/wp\/v2\/posts\/132119","targetHints":{"allow":["GET"]}}],"collection":[{"href":"https:\/\/diarioregionaldigital.com.br\/index.php?rest_route=\/wp\/v2\/posts"}],"about":[{"href":"https:\/\/diarioregionaldigital.com.br\/index.php?rest_route=\/wp\/v2\/types\/post"}],"author":[{"embeddable":true,"href":"https:\/\/diarioregionaldigital.com.br\/index.php?rest_route=\/wp\/v2\/users\/96"}],"replies":[{"embeddable":true,"href":"https:\/\/diarioregionaldigital.com.br\/index.php?rest_route=%2Fwp%2Fv2%2Fcomments&post=132119"}],"version-history":[{"count":0,"href":"https:\/\/diarioregionaldigital.com.br\/index.php?rest_route=\/wp\/v2\/posts\/132119\/revisions"}],"wp:featuredmedia":[{"embeddable":true,"href":"https:\/\/diarioregionaldigital.com.br\/index.php?rest_route=\/wp\/v2\/media\/132120"}],"wp:attachment":[{"href":"https:\/\/diarioregionaldigital.com.br\/index.php?rest_route=%2Fwp%2Fv2%2Fmedia&parent=132119"}],"wp:term":[{"taxonomy":"category","embeddable":true,"href":"https:\/\/diarioregionaldigital.com.br\/index.php?rest_route=%2Fwp%2Fv2%2Fcategories&post=132119"},{"taxonomy":"post_tag","embeddable":true,"href":"https:\/\/diarioregionaldigital.com.br\/index.php?rest_route=%2Fwp%2Fv2%2Ftags&post=132119"}],"curies":[{"name":"wp","href":"https:\/\/api.w.org\/{rel}","templated":true}]}}