{"id":132116,"date":"2019-01-26T15:34:05","date_gmt":"2019-01-26T17:34:05","guid":{"rendered":"https:\/\/diarioregionaldigital.com.br\/?p=132116"},"modified":"2019-01-26T15:37:34","modified_gmt":"2019-01-26T17:37:34","slug":"bombeiros-buscam-sobreviventes-em-quatro-areas-de-brumadinho","status":"publish","type":"post","link":"https:\/\/diarioregionaldigital.com.br\/?p=132116","title":{"rendered":"Bombeiros buscam sobreviventes em quatro \u00e1reas de Brumadinho"},"content":{"rendered":"<p>Trinta e nove bombeiros trabalham neste momento em quatro pontos da regi\u00e3o de Brumadinho, onde uma barragem de rejeitos da mineradora Vale se rompeu, na expectativa de\u00a0encontrar sobreviventes\u00a0da trag\u00e9dia. De acordo com o comandante-geral do Corpo de Bombeiros Militar de Minas Gerais, coronel Edgard Estevo da Silva, os locais incluem um \u00f4nibus e uma locomotiva j\u00e1 localizados, um pr\u00e9dio pr\u00f3ximo ao restaurante da Vale e tamb\u00e9m a comunidade Parque das Cachoeiras.<\/p>\n<p>Durante coletiva de imprensa na mamnh\u00e3 deste s\u00e1bado (26), o comandante explicou que 14 aeronaves fazem o trabalho de busca e resgate de v\u00edtimas, incluindo helic\u00f3pteros da Pol\u00edcia Militar e da Pol\u00edcia Civil de Minas Gerais e da For\u00e7a A\u00e9rea Brasileira, al\u00e9m de uma aeronave cedida pelo estado do Rio de Janeiro. At\u00e9 o momento, sete corpos foram resgatados, mas a corpora\u00e7\u00e3o indicou que outros corpos \u2013 pelo menos dois \u2013 j\u00e1 foram localizados pelas equipes e devem ser recuperados assim que poss\u00edvel; totalizando portanto\u00a0nove mortes\u00a0at\u00e9 o momento.<\/p>\n<p>\u201cEstamos trabalhando com a possibilidade de 354 pessoas desaparecidas\u201d, disse, citando que a maioria das pessoas ainda n\u00e3o localizadas foi cadastrada pela pr\u00f3pria mineradora, entre oper\u00e1rios e terceirizados.<\/p>\n<p>A partir da pr\u00f3xima segunda-feira, 28, c\u00e3es farejadores devem passar a auxiliar os trabalhos na regi\u00e3o onde os rejeitos da barragem foram derramados. Tamb\u00e9m a partir da pr\u00f3xima semana, tecnologia colocada \u00e0 disposi\u00e7\u00e3o pelo governo de Israel poder\u00e1 ser empregada na localiza\u00e7\u00e3o, por imagem, de corpos que se encontram submersos na lama.<\/p>\n<h2>\u00c1rea estabilizada<\/h2>\n<p>De acordo com o coordenador da Defesa Civil de Minas Gerais, Evandro Geraldo Ferreira Borges, a \u00e1rea considerada cr\u00edtica na regi\u00e3o j\u00e1 est\u00e1 estabilizada, mas a barragem VI, com \u00e1gua, localizada ao lado da que se rompeu, est\u00e1 sendo monitorada de forma constante \u201cem face do risco de rompimento\u201d.<\/p>\n<div class=\"dnd-widget-wrapper context-cheio_8colunas type-image\">\n<div class=\"dnd-atom-rendered\">\n<p>Borges destacou que a trag\u00e9dia em Brumadinho representa cerca de um quarto do que aconteceu em Mariana (MG) h\u00e1 tr\u00eas anos, quando uma barragem de rejeitos tamb\u00e9m se rompeu. Entretanto, o n\u00famero de mortos, desta vez, deve ser maior, j\u00e1 que os 13 milh\u00f5es de metros c\u00fabicos de rejeitos atingiram, al\u00e9m da \u00e1rea administrativa da mineradora, a popula\u00e7\u00f5es ribeirinhas e moradores da regi\u00e3o.<\/p>\n<p>Segundo a Defesa Civil do estado, pelo menos 19 fam\u00edlias foram desalojadas ap\u00f3s o rompimento da barragem, totalizando 60 pessoas hospedadas em hot\u00e9is custeados pela Vale.<\/p>\n<\/div>\n<\/div>\n<p>Fonte: Ag\u00eancia Brasil<\/p>\n","protected":false},"excerpt":{"rendered":"<p>Trinta e nove bombeiros trabalham neste momento em quatro pontos da regi\u00e3o de Brumadinho, onde uma barragem de rejeitos da mineradora Vale se rompeu, na expectativa de\u00a0encontrar sobreviventes\u00a0da trag\u00e9dia. De acordo com o comandante-geral do Corpo de Bombeiros Militar de Minas Gerais, coronel Edgard Estevo da Silva, os locais incluem um \u00f4nibus e uma locomotiva [&hellip;]<\/p>\n","protected":false},"author":96,"featured_media":132117,"comment_status":"closed","ping_status":"closed","sticky":false,"template":"","format":"standard","meta":{"footnotes":""},"categories":[436,252,439],"tags":[],"class_list":["post-132116","post","type-post","status-publish","format-standard","has-post-thumbnail","hentry","category-destaque-da-semana","category-regiao","category-ultima-hora"],"_links":{"self":[{"href":"https:\/\/diarioregionaldigital.com.br\/index.php?rest_route=\/wp\/v2\/posts\/132116","targetHints":{"allow":["GET"]}}],"collection":[{"href":"https:\/\/diarioregionaldigital.com.br\/index.php?rest_route=\/wp\/v2\/posts"}],"about":[{"href":"https:\/\/diarioregionaldigital.com.br\/index.php?rest_route=\/wp\/v2\/types\/post"}],"author":[{"embeddable":true,"href":"https:\/\/diarioregionaldigital.com.br\/index.php?rest_route=\/wp\/v2\/users\/96"}],"replies":[{"embeddable":true,"href":"https:\/\/diarioregionaldigital.com.br\/index.php?rest_route=%2Fwp%2Fv2%2Fcomments&post=132116"}],"version-history":[{"count":0,"href":"https:\/\/diarioregionaldigital.com.br\/index.php?rest_route=\/wp\/v2\/posts\/132116\/revisions"}],"wp:featuredmedia":[{"embeddable":true,"href":"https:\/\/diarioregionaldigital.com.br\/index.php?rest_route=\/wp\/v2\/media\/132117"}],"wp:attachment":[{"href":"https:\/\/diarioregionaldigital.com.br\/index.php?rest_route=%2Fwp%2Fv2%2Fmedia&parent=132116"}],"wp:term":[{"taxonomy":"category","embeddable":true,"href":"https:\/\/diarioregionaldigital.com.br\/index.php?rest_route=%2Fwp%2Fv2%2Fcategories&post=132116"},{"taxonomy":"post_tag","embeddable":true,"href":"https:\/\/diarioregionaldigital.com.br\/index.php?rest_route=%2Fwp%2Fv2%2Ftags&post=132116"}],"curies":[{"name":"wp","href":"https:\/\/api.w.org\/{rel}","templated":true}]}}