{"id":132099,"date":"2019-01-26T13:59:08","date_gmt":"2019-01-26T15:59:08","guid":{"rendered":"https:\/\/diarioregionaldigital.com.br\/?p=132099"},"modified":"2019-01-26T13:59:08","modified_gmt":"2019-01-26T15:59:08","slug":"exercito-brasileiro-segue-atuando-na-cidade-de-brumadinho","status":"publish","type":"post","link":"https:\/\/diarioregionaldigital.com.br\/?p=132099","title":{"rendered":"Exerc\u00edto Brasileiro segue atuando na cidade de Brumadinho"},"content":{"rendered":"<p>O Presidente eleito Jair Bolsonaro determinou na sexta-feira, 25, que as for\u00e7as armadas por meio do Ex\u00e9rcito Brasileiro ajudasse na busca de sobreviventes na trag\u00e9dia do rompimento da barragem da Vale em Brumadinho.<\/p>\n<p>930 militares operacionais est\u00e3o atuando nas a\u00e7\u00f5es, incluindo tropas de Pol\u00edcia do Ex\u00e9rcito com c\u00e3es farejadores. 38 militares da \u00e1rea de sa\u00fade (m\u00e9dicos, enfermeiros e assistentes) e 10 ambul\u00e2ncias. Al\u00e9m disso, est\u00e3o dispon\u00edveis 132 viaturas diversas, incluindo caminh\u00f5es, \u00f4nibus e cisternas, 140 barracas e toldos, 95 camas de campanha e 360 colch\u00f5es.<\/p>\n<p>Em nota \u00e0 imprensa, o Comando Militar do Leste que est\u00e1 no local informou:<\/p>\n<p>&#8220;Por determina\u00e7\u00e3o do Exmo. Sr. Presidente da Rep\u00fablica, o Comando Militar do Leste (CML) encontra-se coordenando desde ontem (25 Jan), a partir da cidade de Belo Horizonte, a mobiliza\u00e7\u00e3o e o planejamento do emprego dos meios militares em resposta ao acidente com a barragem no munic\u00edpio de Brumadinho (MG). Em termos de meios militares, at\u00e9 o presente momento (26 Jan, 11:30 AM), foram empregados: 1 Helic\u00f3ptero EC 225M &#8211; Jaguar, da Avia\u00e7\u00e3o do Ex\u00e9rcito, para reconhecimento a\u00e9reo; toldos e barracas de campanha para apoio aos trabalhos de identifica\u00e7\u00e3o de corpos; e equipamentos m\u00f3veis de telecomunica\u00e7\u00e3o (telefones satelitais e rastreadores via sat\u00e9lite), haja vista as dificuldades encontradas pelas equipes de resgate. Representantes das For\u00e7as Armadas comp\u00f5em o Centro Integrado de Comando e Controle na capital mineira (cuja coordena\u00e7\u00e3o geral est\u00e1 a cargo da Defesa Civil de MG), e acompanham todos os desdobramentos&#8221;, informa.<\/p>\n<p>Tamb\u00e9m foi informado que est\u00e3o dispon\u00edveis outros dois helic\u00f3pteros, sendo um da Marinha do Brasil e outro da For\u00e7a A\u00e9rea Brasileira, tripulados por equipes de busca e salvamento. Outros meios militares poder\u00e3o vir a ser empregados em caso de necessidade, ainda que situados fora do Estado de Minas Gerais.<\/p>\n","protected":false},"excerpt":{"rendered":"<p>O Presidente eleito Jair Bolsonaro determinou na sexta-feira, 25, que as for\u00e7as armadas por meio do Ex\u00e9rcito Brasileiro ajudasse na busca de sobreviventes na trag\u00e9dia do rompimento da barragem da Vale em Brumadinho. 930 militares operacionais est\u00e3o atuando nas a\u00e7\u00f5es, incluindo tropas de Pol\u00edcia do Ex\u00e9rcito com c\u00e3es farejadores. 38 militares da \u00e1rea de sa\u00fade [&hellip;]<\/p>\n","protected":false},"author":96,"featured_media":132100,"comment_status":"closed","ping_status":"closed","sticky":false,"template":"","format":"standard","meta":{"footnotes":""},"categories":[302,436,439],"tags":[],"class_list":["post-132099","post","type-post","status-publish","format-standard","has-post-thumbnail","hentry","category-brasil-mundo","category-destaque-da-semana","category-ultima-hora"],"_links":{"self":[{"href":"https:\/\/diarioregionaldigital.com.br\/index.php?rest_route=\/wp\/v2\/posts\/132099","targetHints":{"allow":["GET"]}}],"collection":[{"href":"https:\/\/diarioregionaldigital.com.br\/index.php?rest_route=\/wp\/v2\/posts"}],"about":[{"href":"https:\/\/diarioregionaldigital.com.br\/index.php?rest_route=\/wp\/v2\/types\/post"}],"author":[{"embeddable":true,"href":"https:\/\/diarioregionaldigital.com.br\/index.php?rest_route=\/wp\/v2\/users\/96"}],"replies":[{"embeddable":true,"href":"https:\/\/diarioregionaldigital.com.br\/index.php?rest_route=%2Fwp%2Fv2%2Fcomments&post=132099"}],"version-history":[{"count":0,"href":"https:\/\/diarioregionaldigital.com.br\/index.php?rest_route=\/wp\/v2\/posts\/132099\/revisions"}],"wp:featuredmedia":[{"embeddable":true,"href":"https:\/\/diarioregionaldigital.com.br\/index.php?rest_route=\/wp\/v2\/media\/132100"}],"wp:attachment":[{"href":"https:\/\/diarioregionaldigital.com.br\/index.php?rest_route=%2Fwp%2Fv2%2Fmedia&parent=132099"}],"wp:term":[{"taxonomy":"category","embeddable":true,"href":"https:\/\/diarioregionaldigital.com.br\/index.php?rest_route=%2Fwp%2Fv2%2Fcategories&post=132099"},{"taxonomy":"post_tag","embeddable":true,"href":"https:\/\/diarioregionaldigital.com.br\/index.php?rest_route=%2Fwp%2Fv2%2Ftags&post=132099"}],"curies":[{"name":"wp","href":"https:\/\/api.w.org\/{rel}","templated":true}]}}