{"id":132094,"date":"2019-01-26T12:50:05","date_gmt":"2019-01-26T14:50:05","guid":{"rendered":"https:\/\/diarioregionaldigital.com.br\/?p=132094"},"modified":"2019-01-26T12:50:05","modified_gmt":"2019-01-26T14:50:05","slug":"barragem-familias-de-vitimas-devem-procurar-academia-de-policia-em-bh","status":"publish","type":"post","link":"https:\/\/diarioregionaldigital.com.br\/?p=132094","title":{"rendered":"Barragem: fam\u00edlias de v\u00edtimas devem procurar Academia de Pol\u00edcia em BH"},"content":{"rendered":"<p>A Pol\u00edcia Civil de Minas Gerais informou que as fam\u00edlias de pessoas desaparecidas ap\u00f3s o rompimento da barragem em Brumadinho devem procurar a Academia de Pol\u00edcia Civil, localizada na Rua Oscar Negr\u00e3o de Lima, 200, Nova Gameleira, em Belo Horizonte.<\/p>\n<p>No local, segundo a corpora\u00e7\u00e3o, ser\u00e1 feita a triagem para o Instituto M\u00e9dico Legal (IML). Os parentes devem apresentar nome, data de nascimento, idade, CPF, carteira de identidade e foto da pessoa desaparecida. Devem ser informados tamb\u00e9m nome completo e\u00a0 telefone para contato.<\/p>\n<p>Ainda de acordo com a Pol\u00edcia Civil do estado, durante o per\u00edodo noturno, o suporte \u00e0s fam\u00edlias ocorrer\u00e1 no audit\u00f3rio do primeiro andar. No local, est\u00e3o sendo arrecadadas doa\u00e7\u00f5es \u00e0s v\u00edtimas da trag\u00e9dia em Brumadinho \u2013 incluindo \u00e1gua pot\u00e1vel, alimentos n\u00e3o perec\u00edveis e produtos de limpeza.<\/p>\n<p>D\u00favidas podem ser enviadas \u00e0 corpora\u00e7\u00e3o pelo e-mail dvibrumadinho@gmail.com.<\/p>\n<h2>Desaparecidos<\/h2>\n<p>A mineradora divulgou, na manh\u00e3 de hoje (26), uma lista com o nome de pessoas que n\u00e3o fizeram contato desde o rompimento da barragem. Mais de 400 pessoas, entre funcion\u00e1rios do quadro e terceirizados, integram o levantamento da mineradora.<\/p>\n<p>De acordo com a empresa, a<a href=\"http:\/\/www.vale.com\/brasil\/PT\/aboutvale\/servicos-para-comunidade\/minas-gerais\/Pessoas_desaparecidas\/Paginas\/default.aspx\" target=\"_blank\" rel=\"noopener\">\u00a0lista\u00a0<\/a>est\u00e1 sendo atualizada constantemente, conforme as pessoas s\u00e3o localizadas. \u201cSe o seu nome est\u00e1 na lista, favor entrar em contato com a nossa ouvidoria para comunicar\u201d, destacou a mineradora. O telefone destinado ao atendimento \u00e9 0800 821 500.<\/p>\n<p>Fonte: Ag\u00eancia Brasil<\/p>\n","protected":false},"excerpt":{"rendered":"<p>A Pol\u00edcia Civil de Minas Gerais informou que as fam\u00edlias de pessoas desaparecidas ap\u00f3s o rompimento da barragem em Brumadinho devem procurar a Academia de Pol\u00edcia Civil, localizada na Rua Oscar Negr\u00e3o de Lima, 200, Nova Gameleira, em Belo Horizonte. No local, segundo a corpora\u00e7\u00e3o, ser\u00e1 feita a triagem para o Instituto M\u00e9dico Legal (IML). [&hellip;]<\/p>\n","protected":false},"author":96,"featured_media":132019,"comment_status":"closed","ping_status":"closed","sticky":false,"template":"","format":"standard","meta":{"footnotes":""},"categories":[436,252,439],"tags":[],"class_list":["post-132094","post","type-post","status-publish","format-standard","has-post-thumbnail","hentry","category-destaque-da-semana","category-regiao","category-ultima-hora"],"_links":{"self":[{"href":"https:\/\/diarioregionaldigital.com.br\/index.php?rest_route=\/wp\/v2\/posts\/132094","targetHints":{"allow":["GET"]}}],"collection":[{"href":"https:\/\/diarioregionaldigital.com.br\/index.php?rest_route=\/wp\/v2\/posts"}],"about":[{"href":"https:\/\/diarioregionaldigital.com.br\/index.php?rest_route=\/wp\/v2\/types\/post"}],"author":[{"embeddable":true,"href":"https:\/\/diarioregionaldigital.com.br\/index.php?rest_route=\/wp\/v2\/users\/96"}],"replies":[{"embeddable":true,"href":"https:\/\/diarioregionaldigital.com.br\/index.php?rest_route=%2Fwp%2Fv2%2Fcomments&post=132094"}],"version-history":[{"count":0,"href":"https:\/\/diarioregionaldigital.com.br\/index.php?rest_route=\/wp\/v2\/posts\/132094\/revisions"}],"wp:featuredmedia":[{"embeddable":true,"href":"https:\/\/diarioregionaldigital.com.br\/index.php?rest_route=\/wp\/v2\/media\/132019"}],"wp:attachment":[{"href":"https:\/\/diarioregionaldigital.com.br\/index.php?rest_route=%2Fwp%2Fv2%2Fmedia&parent=132094"}],"wp:term":[{"taxonomy":"category","embeddable":true,"href":"https:\/\/diarioregionaldigital.com.br\/index.php?rest_route=%2Fwp%2Fv2%2Fcategories&post=132094"},{"taxonomy":"post_tag","embeddable":true,"href":"https:\/\/diarioregionaldigital.com.br\/index.php?rest_route=%2Fwp%2Fv2%2Ftags&post=132094"}],"curies":[{"name":"wp","href":"https:\/\/api.w.org\/{rel}","templated":true}]}}