{"id":132088,"date":"2019-01-26T12:41:04","date_gmt":"2019-01-26T14:41:04","guid":{"rendered":"https:\/\/diarioregionaldigital.com.br\/?p=132088"},"modified":"2019-01-26T12:41:04","modified_gmt":"2019-01-26T14:41:04","slug":"witzel-defende-que-estados-possam-fazer-concessao-de-rodovias-federais","status":"publish","type":"post","link":"https:\/\/diarioregionaldigital.com.br\/?p=132088","title":{"rendered":"Witzel defende que estados possam fazer concess\u00e3o de rodovias federais"},"content":{"rendered":"<p>O governador do Rio de Janeiro, Wilson Witzel, se reuniu nessa sexta-feita, 25, com a bancada de deputados federais eleitos pelo estado e apresentou, entre outras propostas, dar aos governos estaduais poder para fazer concess\u00f5es que atualmente n\u00e3o est\u00e3o sob sua atribui\u00e7\u00e3o.<\/p>\n<p>&#8220;\u00c9 preciso fazer com que a federa\u00e7\u00e3o seja federa\u00e7\u00e3o. Os governadores, por impedimento constitucional, n\u00e3o t\u00eam condi\u00e7\u00f5es de fazer livremente concess\u00e3o de ferrovias e estradas federais que passam pelo nosso territ\u00f3rio&#8221;, disse. Witzel disse que apresentar\u00e1 uma proposta de emenda \u00e0 Constitui\u00e7\u00e3o para alterar essa situa\u00e7\u00e3o. &#8220;Estamos muito preocupados com a despesa, mas tamb\u00e9m precisamos nos preocupar com a receita&#8221;.<\/p>\n<p>O presidente da C\u00e2mara dos Deputados, Rodrigo Maia (DEM), esteve presente no encontro e comentou a proposta. &#8220;\u00c9 uma ideia que eu acho que ter\u00e1 apoio dos governadores, que todos est\u00e3o na mesma situa\u00e7\u00e3o, querendo avan\u00e7ar em investimentos nos estados com concess\u00f5es. Acho que \u00e9 uma ideia boa, n\u00e3o vejo porque ela n\u00e3o poderia ser apresentada e tramitar&#8221;.<\/p>\n<p>Outra proposta de Witzel \u00e9 a cria\u00e7\u00e3o de um\u00a0<em>royalty\u00a0<\/em>do desenvolvimento. Seria um est\u00edmulo para que os estados se empenhem em atrair mais empresas, aumentando a receita tribut\u00e1ria n\u00e3o apenas de impostos estaduais, mas tamb\u00e9m federais. Parte dos recursos arrecadados ficaria com estados e munic\u00edpios. &#8220;Ser\u00e1 fundamental para dar aos estados uma maior capacidade de atrair investimentos. \u00c9 uma premia\u00e7\u00e3o&#8221;.<\/p>\n<p>O deputado federal Alessandro Molon (PSB) disse que cerca de 30 parlamentares eleitos no ano passado estiveram presentes, mas evitou comentar as propostas. &#8220;N\u00e3o houve debate. Foi uma primeira apresenta\u00e7\u00e3o do governador de algumas ideias para reflex\u00e3o da bancada eleita&#8221;.<\/p>\n<h2>Contrata\u00e7\u00e3o de policiais<\/h2>\n<p>Tamb\u00e9m nesta sexta-feira, Witzel anunciou, no Pal\u00e1cio Laranjeiras, o cronograma de convoca\u00e7\u00e3o de 3 mil policiais militares ao longo do ano para refor\u00e7ar o combate ao crime organizado no Estado. Os primeiros 500 PMs, aprovados em concurso p\u00fablico em 2014, come\u00e7am o treinamento no Centro de Forma\u00e7\u00e3o e Aperfei\u00e7oamento de Pra\u00e7as (CFAP), no dia 18 de fevereiro.<\/p>\n<p>De acordo com o cronograma da Secretaria de Pol\u00edcia Militar, a segunda turma, que se inicia em abril, ter\u00e1 mais 800 policiais. A terceira turma, com 450 PMs, come\u00e7ar\u00e1 em julho. Em agosto ser\u00e3o mais 450. A quinta e sexta turmas, ambas com 400 alunos, come\u00e7ar\u00e3o em novembro e dezembro. Os 3 mil novos soldados estar\u00e3o nas ruas no prazo de um ano, a partir da data que iniciarem o curso de forma\u00e7\u00e3o.<\/p>\n<p>Atualmente, est\u00e3o incorporados ao CFAP mil concursados, divididos em tr\u00eas turmas que come\u00e7ar\u00e3o a ser formadas a partir de junho deste ano. Witzel reafirmou seu compromisso com o fortalecimento das pol\u00edcias e informou que ser\u00e1 intensificado o patrulhamento em S\u00e3o Gon\u00e7alo, um dos munic\u00edpios mais violentos da regi\u00e3o metropolitana do Rio, principalmente devido ao Complexo do Salgueiro.<\/p>\n<p>\u201cA ideia \u00e9 recompor o quadro da Pol\u00edcia Militar para que n\u00f3s fa\u00e7amos frente a necessidade de seguran\u00e7a. S\u00e3o Gon\u00e7alo vai receber um policiamento especial diante da criminalidade que atormenta a popula\u00e7\u00e3o. Pretendo deslocar 300 PMs para o 7\u00b0 Batalh\u00e3o para que possamos melhorar a capacidade da pol\u00edcia no munic\u00edpio que tem os piores \u00edndices [de viol\u00eancia]\u201d, disse o governador.<\/p>\n<h2>Acordo com o Legislativo<\/h2>\n<p>A convoca\u00e7\u00e3o dos novos policiais ser\u00e1 poss\u00edvel gra\u00e7as a um acordo entre o governo do estado e a Assembleia Legislativa do Estado do Rio de Janeiro (Alerj), que se comprometeu a arcar com os sal\u00e1rios dos novos PMs at\u00e9 o fim de 2020. O investimento ser\u00e1 de R$ 125 milh\u00f5es para cada ano.<\/p>\n<p>A verba ser\u00e1 remanejada para a Secretaria de Pol\u00edcia Militar. Os recursos s\u00e3o fruto de uma economia feita pelo legislativo fluminense de R$ 370 milh\u00f5es feita em anos anteriores.<\/p>\n<p>Fonte: Ag\u00eancia Brasil<\/p>\n","protected":false},"excerpt":{"rendered":"<p>O governador do Rio de Janeiro, Wilson Witzel, se reuniu nessa sexta-feita, 25, com a bancada de deputados federais eleitos pelo estado e apresentou, entre outras propostas, dar aos governos estaduais poder para fazer concess\u00f5es que atualmente n\u00e3o est\u00e3o sob sua atribui\u00e7\u00e3o. &#8220;\u00c9 preciso fazer com que a federa\u00e7\u00e3o seja federa\u00e7\u00e3o. Os governadores, por impedimento [&hellip;]<\/p>\n","protected":false},"author":96,"featured_media":132089,"comment_status":"closed","ping_status":"closed","sticky":false,"template":"","format":"standard","meta":{"footnotes":""},"categories":[436,254,439],"tags":[],"class_list":["post-132088","post","type-post","status-publish","format-standard","has-post-thumbnail","hentry","category-destaque-da-semana","category-politica","category-ultima-hora"],"_links":{"self":[{"href":"https:\/\/diarioregionaldigital.com.br\/index.php?rest_route=\/wp\/v2\/posts\/132088","targetHints":{"allow":["GET"]}}],"collection":[{"href":"https:\/\/diarioregionaldigital.com.br\/index.php?rest_route=\/wp\/v2\/posts"}],"about":[{"href":"https:\/\/diarioregionaldigital.com.br\/index.php?rest_route=\/wp\/v2\/types\/post"}],"author":[{"embeddable":true,"href":"https:\/\/diarioregionaldigital.com.br\/index.php?rest_route=\/wp\/v2\/users\/96"}],"replies":[{"embeddable":true,"href":"https:\/\/diarioregionaldigital.com.br\/index.php?rest_route=%2Fwp%2Fv2%2Fcomments&post=132088"}],"version-history":[{"count":0,"href":"https:\/\/diarioregionaldigital.com.br\/index.php?rest_route=\/wp\/v2\/posts\/132088\/revisions"}],"wp:featuredmedia":[{"embeddable":true,"href":"https:\/\/diarioregionaldigital.com.br\/index.php?rest_route=\/wp\/v2\/media\/132089"}],"wp:attachment":[{"href":"https:\/\/diarioregionaldigital.com.br\/index.php?rest_route=%2Fwp%2Fv2%2Fmedia&parent=132088"}],"wp:term":[{"taxonomy":"category","embeddable":true,"href":"https:\/\/diarioregionaldigital.com.br\/index.php?rest_route=%2Fwp%2Fv2%2Fcategories&post=132088"},{"taxonomy":"post_tag","embeddable":true,"href":"https:\/\/diarioregionaldigital.com.br\/index.php?rest_route=%2Fwp%2Fv2%2Ftags&post=132088"}],"curies":[{"name":"wp","href":"https:\/\/api.w.org\/{rel}","templated":true}]}}