{"id":132085,"date":"2019-01-26T12:36:51","date_gmt":"2019-01-26T14:36:51","guid":{"rendered":"https:\/\/diarioregionaldigital.com.br\/?p=132085"},"modified":"2019-01-26T12:36:51","modified_gmt":"2019-01-26T14:36:51","slug":"temos-esperanca-de-encontrar-sobreviventes-diz-governador-de-minas","status":"publish","type":"post","link":"https:\/\/diarioregionaldigital.com.br\/?p=132085","title":{"rendered":"Temos esperan\u00e7a de encontrar sobreviventes, diz governador de Minas"},"content":{"rendered":"<p>O governador de Minas Gerais, Romeu Zema, disse hoje, 26, que mant\u00e9m a esperan\u00e7a de encontrar sobreviventes ap\u00f3s o rompimento da barragem da mineradora Vale em Brumadinho. \u201cVamos fazer o poss\u00edvel e o imposs\u00edvel para isso\u201d, destacou, por meio de seu perfil na rede social Twitter.<\/p>\n<p>Zema sobrevoou mais cedo a \u00e1rea atingida pelos rejeitos da barragem,\u00a0acompanhado do presidente\u00a0Jair Bolsonaro que, segundo ele, prometeu todo apoio da Uni\u00e3o a Minas Gerais. Ainda no Twitter, o governador agradeceu a solidariedade e a ajuda ao povo mineiro e disse que todas as provid\u00eancias em rela\u00e7\u00e3o \u00e0 trag\u00e9dia ser\u00e3o tomadas.<\/p>\n<blockquote class=\"twitter-tweet\" data-width=\"550\" data-dnt=\"true\">\n<p lang=\"pt\" dir=\"ltr\">O cuidado com as pessoas continua e todas as provid\u00eancias ser\u00e3o tomadas.<\/p>\n<p>&mdash; Romeu Zema (@RomeuZema) <a href=\"https:\/\/twitter.com\/RomeuZema\/status\/1089150343496249344?ref_src=twsrc%5Etfw\">January 26, 2019<\/a><\/p><\/blockquote>\n<p><script async src=\"https:\/\/platform.twitter.com\/widgets.js\" charset=\"utf-8\"><\/script><\/p>\n<div style=\"width: 605px\" class=\"wp-caption aligncenter\"><img loading=\"lazy\" decoding=\"async\" src=\"https:\/\/pbs.twimg.com\/media\/Dx1wA7mWsAYpsR2.jpg\" alt=\"\" width=\"595\" height=\"791\" \/><p class=\"wp-caption-text\">Foto: Reprodu\u00e7\u00e3o Redes Sociais<\/p><\/div>\n<h2>A trag\u00e9dia<\/h2>\n<p>O rompimento da barragem de rejeitos B1 ocorreu no in\u00edcio da tarde de ontem (25), na Mina C\u00f3rrego do Feij\u00e3o. A quantidade de rejeito acumulada na estrutura fez com que uma outra barragem transbordasse. A lama atingiu uma \u00e1rea administrativa da companhia e parte da comunidade de Vila Ferteco.<\/p>\n<p>O Corpo de Bombeiros Militar de Minas Gerais registrou, at\u00e9 o in\u00edcio da madrugada de hoje,\u00a0nove mortes\u00a0ap\u00f3s o rompimento da barragem. O \u00faltimo balan\u00e7o da corpora\u00e7\u00e3o aponta ainda o\u00a0resgate de nove\u00a0pessoas com vida da lama de rejeitos e de cerca de 100 pessoas que estavam ilhadas.<\/p>\n<p>Fonte: Ag\u00eancia Brasil<\/p>\n","protected":false},"excerpt":{"rendered":"<p>O governador de Minas Gerais, Romeu Zema, disse hoje, 26, que mant\u00e9m a esperan\u00e7a de encontrar sobreviventes ap\u00f3s o rompimento da barragem da mineradora Vale em Brumadinho. \u201cVamos fazer o poss\u00edvel e o imposs\u00edvel para isso\u201d, destacou, por meio de seu perfil na rede social Twitter. Zema sobrevoou mais cedo a \u00e1rea atingida pelos rejeitos [&hellip;]<\/p>\n","protected":false},"author":96,"featured_media":132086,"comment_status":"closed","ping_status":"closed","sticky":false,"template":"","format":"standard","meta":{"footnotes":""},"categories":[436,252,439],"tags":[],"class_list":["post-132085","post","type-post","status-publish","format-standard","has-post-thumbnail","hentry","category-destaque-da-semana","category-regiao","category-ultima-hora"],"_links":{"self":[{"href":"https:\/\/diarioregionaldigital.com.br\/index.php?rest_route=\/wp\/v2\/posts\/132085","targetHints":{"allow":["GET"]}}],"collection":[{"href":"https:\/\/diarioregionaldigital.com.br\/index.php?rest_route=\/wp\/v2\/posts"}],"about":[{"href":"https:\/\/diarioregionaldigital.com.br\/index.php?rest_route=\/wp\/v2\/types\/post"}],"author":[{"embeddable":true,"href":"https:\/\/diarioregionaldigital.com.br\/index.php?rest_route=\/wp\/v2\/users\/96"}],"replies":[{"embeddable":true,"href":"https:\/\/diarioregionaldigital.com.br\/index.php?rest_route=%2Fwp%2Fv2%2Fcomments&post=132085"}],"version-history":[{"count":0,"href":"https:\/\/diarioregionaldigital.com.br\/index.php?rest_route=\/wp\/v2\/posts\/132085\/revisions"}],"wp:featuredmedia":[{"embeddable":true,"href":"https:\/\/diarioregionaldigital.com.br\/index.php?rest_route=\/wp\/v2\/media\/132086"}],"wp:attachment":[{"href":"https:\/\/diarioregionaldigital.com.br\/index.php?rest_route=%2Fwp%2Fv2%2Fmedia&parent=132085"}],"wp:term":[{"taxonomy":"category","embeddable":true,"href":"https:\/\/diarioregionaldigital.com.br\/index.php?rest_route=%2Fwp%2Fv2%2Fcategories&post=132085"},{"taxonomy":"post_tag","embeddable":true,"href":"https:\/\/diarioregionaldigital.com.br\/index.php?rest_route=%2Fwp%2Fv2%2Ftags&post=132085"}],"curies":[{"name":"wp","href":"https:\/\/api.w.org\/{rel}","templated":true}]}}