{"id":132081,"date":"2019-01-26T11:35:35","date_gmt":"2019-01-26T13:35:35","guid":{"rendered":"https:\/\/diarioregionaldigital.com.br\/?p=132081"},"modified":"2019-01-26T11:35:35","modified_gmt":"2019-01-26T13:35:35","slug":"bombeiros-do-rio-seguem-para-minas-para-apoiar-buscas-em-brumadinho","status":"publish","type":"post","link":"https:\/\/diarioregionaldigital.com.br\/?p=132081","title":{"rendered":"Bombeiros do Rio seguem para Minas para apoiar buscas em Brumadinho"},"content":{"rendered":"<p>Um grupo de integrantes do Corpo de Bombeiros e da Defesa Civil do Estado do Rio de Janeiro seguiu na manh\u00e3 de hoje, 26, para Minas Gerais. Ao todo s\u00e3o 41 militares que v\u00e3o ajudar no trabalho de resgate das v\u00edtimas do rompimento de uma barragem de rejeitos da mineradora Vale, na cidade de Brumadinho.<\/p>\n<p>As equipes contam com uma aeronave, nove viaturas e tr\u00eas c\u00e3es farejadores, que tamb\u00e9m foram levados \u00e0 cidade mineira para auxiliar nos trabalhos de buscas. O helic\u00f3ptero enviado pelo governo do Estado do Rio j\u00e1 est\u00e1 no local.<\/p>\n<p>O envio das equipes foi oferecido na tarde de ontem pelo governador Wilson Witzel durante uma conversa com o governador de Minas Gerais, Romeu Zema.<\/p>\n<p>O governador Witzel agradeceu o empenho da equipe de bombeiros do Rio e acrescentou que o momento \u00e9 de apoiar os trabalhos no local. \u201c\u00c9 hora de solidariedade\u201d, disse.<\/p>\n<h2>Trag\u00e9dia<\/h2>\n<p>O rompimento da barragem B1 ocorreu no in\u00edcio da tarde de ontem, 25, na Mina C\u00f3rrego do Feij\u00e3o. A quantidade de rejeito acumulado na estrutura fez com que uma outra barragem transbordasse. A lama atingiu uma \u00e1rea administrativa da companhia e parte da comunidade de Vila Ferteco.<\/p>\n<p>O Corpo de Bombeiros Militar de Minas Gerais registrou, at\u00e9 o in\u00edcio da madrugada de hoje, 26, nove mortes ap\u00f3s o rompimento de uma barragem da mineradora Vale no munic\u00edpio de Brumadinho. O \u00faltimo balan\u00e7o da corpora\u00e7\u00e3o aponta ainda o resgate de nove pessoas com vida da lama de rejeitos e de cerca de 100 pessoas que estavam ilhadas.<\/p>\n<p>Fonte: Ag\u00eancia Brasil<\/p>\n","protected":false},"excerpt":{"rendered":"<p>Um grupo de integrantes do Corpo de Bombeiros e da Defesa Civil do Estado do Rio de Janeiro seguiu na manh\u00e3 de hoje, 26, para Minas Gerais. Ao todo s\u00e3o 41 militares que v\u00e3o ajudar no trabalho de resgate das v\u00edtimas do rompimento de uma barragem de rejeitos da mineradora Vale, na cidade de Brumadinho. [&hellip;]<\/p>\n","protected":false},"author":96,"featured_media":132082,"comment_status":"closed","ping_status":"closed","sticky":false,"template":"","format":"standard","meta":{"footnotes":""},"categories":[302,436,439],"tags":[],"class_list":["post-132081","post","type-post","status-publish","format-standard","has-post-thumbnail","hentry","category-brasil-mundo","category-destaque-da-semana","category-ultima-hora"],"_links":{"self":[{"href":"https:\/\/diarioregionaldigital.com.br\/index.php?rest_route=\/wp\/v2\/posts\/132081","targetHints":{"allow":["GET"]}}],"collection":[{"href":"https:\/\/diarioregionaldigital.com.br\/index.php?rest_route=\/wp\/v2\/posts"}],"about":[{"href":"https:\/\/diarioregionaldigital.com.br\/index.php?rest_route=\/wp\/v2\/types\/post"}],"author":[{"embeddable":true,"href":"https:\/\/diarioregionaldigital.com.br\/index.php?rest_route=\/wp\/v2\/users\/96"}],"replies":[{"embeddable":true,"href":"https:\/\/diarioregionaldigital.com.br\/index.php?rest_route=%2Fwp%2Fv2%2Fcomments&post=132081"}],"version-history":[{"count":0,"href":"https:\/\/diarioregionaldigital.com.br\/index.php?rest_route=\/wp\/v2\/posts\/132081\/revisions"}],"wp:featuredmedia":[{"embeddable":true,"href":"https:\/\/diarioregionaldigital.com.br\/index.php?rest_route=\/wp\/v2\/media\/132082"}],"wp:attachment":[{"href":"https:\/\/diarioregionaldigital.com.br\/index.php?rest_route=%2Fwp%2Fv2%2Fmedia&parent=132081"}],"wp:term":[{"taxonomy":"category","embeddable":true,"href":"https:\/\/diarioregionaldigital.com.br\/index.php?rest_route=%2Fwp%2Fv2%2Fcategories&post=132081"},{"taxonomy":"post_tag","embeddable":true,"href":"https:\/\/diarioregionaldigital.com.br\/index.php?rest_route=%2Fwp%2Fv2%2Ftags&post=132081"}],"curies":[{"name":"wp","href":"https:\/\/api.w.org\/{rel}","templated":true}]}}