{"id":132078,"date":"2019-01-26T11:16:43","date_gmt":"2019-01-26T13:16:43","guid":{"rendered":"https:\/\/diarioregionaldigital.com.br\/?p=132078"},"modified":"2019-01-26T11:16:43","modified_gmt":"2019-01-26T13:16:43","slug":"governo-federal-cria-comite-para-acompanhar-desastre-em-brumadinho","status":"publish","type":"post","link":"https:\/\/diarioregionaldigital.com.br\/?p=132078","title":{"rendered":"Governo federal cria comit\u00ea para acompanhar desastre em Brumadinho"},"content":{"rendered":"<p>O governo federal publicou decreto que institui o Conselho Ministerial de Supervis\u00e3o de Respostas a Desastre para atuar na regi\u00e3o de Brumadinho (MG), onde uma barragem de rejeitos da mineradora Vale se rompeu. Por meio de sua conta na rede social Twitter, o presidente Jair Bolsonaro detalhou que o conselho ser\u00e1 coordenado pelo ministro da Casa Civil, Onyx Lorenzoni.<\/p>\n<p>A finalidade do conselho, de acordo com o presidente, \u00e9 acompanhar e fiscalizar as atividades a serem desenvolvidas em decorr\u00eancia do desastre, al\u00e9m de acompanhar\u00a0a\u00e7\u00f5es de socorro, assist\u00eancia, restabelecimento de servi\u00e7os essenciais afetados, recupera\u00e7\u00e3o de ecossistemas e reconstru\u00e7\u00e3o.<\/p>\n<p>O comit\u00ea, segundo Bolsonaro, poder\u00e1 convidar para reuni\u00f5es representantes do governo de Brumadinho e do estado de Minas Gerais, de outros \u00f3rg\u00e3os e entidades da administra\u00e7\u00e3o p\u00fablica federal, do Minist\u00e9rio P\u00fablico Federal, da Defensoria P\u00fablica da Uni\u00e3o e da Advocacia-Geral de Minas Gerais, al\u00e9m de representantes de outros estados e\u00a0munic\u00edpios eventualmente atingidos.<\/p>\n<p>\u201cPoder\u00e3o participar ainda integrantes de institui\u00e7\u00f5es acad\u00eamicas, pesquisadores e especialistas de \u00e1reas t\u00e9cnicas relacionadas aos objetivos do comit\u00ea\u201d, concluiu o presidente, no Twitter.<\/p>\n<blockquote class=\"twitter-tweet\" data-width=\"550\" data-dnt=\"true\">\n<p lang=\"pt\" dir=\"ltr\">Brumadinho e regi\u00e3o: Governo federal publicou decreto que institui o Conselho Ministerial de Supervis\u00e3o de Respostas a Desastre coordenado pelo Ministro da Casa Civil. A finalidade \u00e9 acompanhar e fiscalizar as atividades a serem desenvolvidas em decorr\u00eancia do desastre&#8230;<\/p>\n<p>&mdash; Jair M. Bolsonaro (@jairbolsonaro) <a href=\"https:\/\/twitter.com\/jairbolsonaro\/status\/1089111254860480512?ref_src=twsrc%5Etfw\">January 26, 2019<\/a><\/p><\/blockquote>\n<p><script async src=\"https:\/\/platform.twitter.com\/widgets.js\" charset=\"utf-8\"><\/script><\/p>\n<h2>Rompimento<\/h2>\n<p>O\u00a0rompimento da barragem\u00a0B1 foi registrado pela Vale no in\u00edcio da tarde de ontem (25), na Mina C\u00f3rrego do Feij\u00e3o. A quantidade de rejeito acumulado na estrutura fez com que uma outra barragem transbordasse. A lama\u00a0atingiu uma \u00e1rea administrativa da companhia e parte da comunidade de Vila Ferteco.<\/p>\n<p>O Corpo de Bombeiros Militar de Minas Gerais registrou, at\u00e9 o in\u00edcio da madrugada de hoje (26),\u00a0nove mortes\u00a0ap\u00f3s o rompimento de uma barragem da mineradora Vale no munic\u00edpio de Brumadinho. O \u00faltimo balan\u00e7o da corpora\u00e7\u00e3o aponta ainda o resgate de\u00a0nove pessoas com vida\u00a0da lama de rejeitos e de cerca de 100 pessoas que estavam ilhadas.<\/p>\n<div class=\"dnd-widget-wrapper context-cheio_8colunas type-image\">\n<div class=\"dnd-atom-rendered\"><\/div>\n<\/div>\n<p>Fonte: Ag\u00eancia Brasil<\/p>\n","protected":false},"excerpt":{"rendered":"<p>O governo federal publicou decreto que institui o Conselho Ministerial de Supervis\u00e3o de Respostas a Desastre para atuar na regi\u00e3o de Brumadinho (MG), onde uma barragem de rejeitos da mineradora Vale se rompeu. Por meio de sua conta na rede social Twitter, o presidente Jair Bolsonaro detalhou que o conselho ser\u00e1 coordenado pelo ministro da [&hellip;]<\/p>\n","protected":false},"author":96,"featured_media":132079,"comment_status":"closed","ping_status":"closed","sticky":false,"template":"","format":"standard","meta":{"footnotes":""},"categories":[436,252,439],"tags":[],"class_list":["post-132078","post","type-post","status-publish","format-standard","has-post-thumbnail","hentry","category-destaque-da-semana","category-regiao","category-ultima-hora"],"_links":{"self":[{"href":"https:\/\/diarioregionaldigital.com.br\/index.php?rest_route=\/wp\/v2\/posts\/132078","targetHints":{"allow":["GET"]}}],"collection":[{"href":"https:\/\/diarioregionaldigital.com.br\/index.php?rest_route=\/wp\/v2\/posts"}],"about":[{"href":"https:\/\/diarioregionaldigital.com.br\/index.php?rest_route=\/wp\/v2\/types\/post"}],"author":[{"embeddable":true,"href":"https:\/\/diarioregionaldigital.com.br\/index.php?rest_route=\/wp\/v2\/users\/96"}],"replies":[{"embeddable":true,"href":"https:\/\/diarioregionaldigital.com.br\/index.php?rest_route=%2Fwp%2Fv2%2Fcomments&post=132078"}],"version-history":[{"count":0,"href":"https:\/\/diarioregionaldigital.com.br\/index.php?rest_route=\/wp\/v2\/posts\/132078\/revisions"}],"wp:featuredmedia":[{"embeddable":true,"href":"https:\/\/diarioregionaldigital.com.br\/index.php?rest_route=\/wp\/v2\/media\/132079"}],"wp:attachment":[{"href":"https:\/\/diarioregionaldigital.com.br\/index.php?rest_route=%2Fwp%2Fv2%2Fmedia&parent=132078"}],"wp:term":[{"taxonomy":"category","embeddable":true,"href":"https:\/\/diarioregionaldigital.com.br\/index.php?rest_route=%2Fwp%2Fv2%2Fcategories&post=132078"},{"taxonomy":"post_tag","embeddable":true,"href":"https:\/\/diarioregionaldigital.com.br\/index.php?rest_route=%2Fwp%2Fv2%2Ftags&post=132078"}],"curies":[{"name":"wp","href":"https:\/\/api.w.org\/{rel}","templated":true}]}}