{"id":132073,"date":"2019-01-26T11:11:53","date_gmt":"2019-01-26T13:11:53","guid":{"rendered":"https:\/\/diarioregionaldigital.com.br\/?p=132073"},"modified":"2019-01-26T11:11:53","modified_gmt":"2019-01-26T13:11:53","slug":"nas-redes-sociais-senadores-lamentam-novo-rompimento-de-barragem-em-minas-gerais","status":"publish","type":"post","link":"https:\/\/diarioregionaldigital.com.br\/?p=132073","title":{"rendered":"Nas redes sociais, senadores lamentam novo rompimento de barragem em Minas Gerais"},"content":{"rendered":"<p>V\u00e1rios senadores comentaram j\u00e1 na sexta-feira, 25, em suas redes sociais, o rompimento de uma barragem da empresa Vale ocorrida em Minas Gerais, no munic\u00edpio de Brumadinho, regi\u00e3o metropolitana de Belo Horizonte. A maioria dos senadores recorda o rompimento da barragem na tamb\u00e9m mineira cidade de Mariana h\u00e1 pouco mais de tr\u00eas anos, considerada uma das maiores trag\u00e9dias ambientais da hist\u00f3ria do pa\u00eds.<\/p>\n<p>Pelo Twitter, comentaram os senadores Wilder Morais (DEM-GO), Randolfe Rodrigues (Rede-AP), Vanessa Grazziotin (PCdoB-AM) e Elmano F\u00e9rrer (Pode-PI). O senador Otto Alencar (PSD-BA) tamb\u00e9m se pronunciou em texto enviado \u00e0 Ag\u00eancia Senado. Ele afirmou que, na retomada dos trabalhos do Congresso, em 1<sup>o<\/sup>de fevereiro, vai propor uma CPI ao Senado para apurar o que aconteceu\u00a0 e &#8220;evitar novas cat\u00e1strofes que ceifam vidas, destroem o meio ambiente, degradam \u00e1reas inteiras e comprometem a qualidade da \u00e1gua, amea\u00e7ando o abastecimento&#8221;.<\/p>\n<p>&#8220;\u00c9 preciso investigar e punir severamente, inclusive, responsabilizando criminalmente&#8221;, disse.<\/p>\n<p>No mesmo sentido, a senadora Vanessa prestou solidariedade \u00e0s v\u00edtimas e disse que, ap\u00f3s as opera\u00e7\u00f5es de resgate, ser\u00e1 preciso apurar os respons\u00e1veis \u201cpor mais esta trag\u00e9dia que atinge fam\u00edlias, cidades, empresas e o meio ambiente de MG\u201d, para que sejam processados e punidos.<\/p>\n<p>Randolfe afirmou que a hist\u00f3ria est\u00e1 se repetindo.<\/p>\n<p>&#8220;A impunidade no epis\u00f3dio de Mariana e o imobilismo do poder p\u00fablico abriram caminho para que Brumadinho fosse vitimada por mais um desastre ambiental absolutamente evit\u00e1vel&#8221;, registrou.<\/p>\n<p>Wilder Morais disse que a trag\u00e9dia \u00e9 lament\u00e1vel e preocupante.<\/p>\n<p>&#8220;Mais uma barragem que rompe. Dessa vez na regi\u00e3o de Brumadinho, em Minas Gerais. Estive em Mariana em 2015, quando houve o rompimento de uma barragem naquela cidade. \u00c0 \u00e9poca propus mudan\u00e7as na legisla\u00e7\u00e3o sobre minera\u00e7\u00e3o com foco no meio ambiente&#8221;, escreveu.<\/p>\n<p>Elmano F\u00e9rrer lamentou a situa\u00e7\u00e3o da cidade de Brumadinho e de seus habitantes.<\/p>\n<p>&#8220;Lamentamos profundamente a situa\u00e7\u00e3o na qual se encontra a cidade de Brumadinho. Durante o ano de 2018, ap\u00f3s audi\u00eancias, produzimos um\u00a0relat\u00f3rio sobre a seguran\u00e7a das barragens\u00a0e continuaremos em busca da execu\u00e7\u00e3o de a\u00e7\u00f5es para que sejam evitados novos desastres&#8221;, declarou.<\/p>\n<p>No m\u00eas passado, Elmano discursou no Plen\u00e1rio do Senado alertando que muitas barragens pelo pa\u00eds estavam em\u00a0situa\u00e7\u00e3o de risco. Dias antes, a Comiss\u00e3o de Desenvolvimento Regional e Turismo (CDR), da qual Elmano era integrante, aprovou\u00a0<a href=\"http:\/\/legis.senado.leg.br\/sdleg-getter\/documento\/download\/a44665a6-5f61-48e9-9a46-89ab564f08d7\">relat\u00f3rio<\/a>\u00a0com\u00a0recomenda\u00e7\u00f5es para que o Brasil evitasse novos rompimentos de barragens. O documento resultou de duas\u00a0audi\u00eancias p\u00fablicas\u00a0na CDR sugeridas por Elmano.<\/p>\n<h3><b>Neglig\u00eancia<\/b><\/h3>\n<p>O senador Antonio Anastasia (PSDB-MG) escreveu em sua conta no Facebook: \u201c\u00c9 muito triste mais uma vez termos que vir lamentar uma trag\u00e9dia que poderia ser evitada, o rompimento de uma barragem de rejeitos em Brumadinho, com danos intang\u00edveis na vida das pessoas e no meio ambiente. Minha solidariedade \u00e0 comunidade de Brumadinho e de toda a regi\u00e3o que certamente ser\u00e1 fortemente impactada. Espero que as autoridades competentes possam tomar as medidas necess\u00e1rias\u201d.<\/p>\n<p>Alvaro Dias (Pode-PR) afirmou, tamb\u00e9m no Facebook, que \u00e9 uma trag\u00e9dia repetida.<\/p>\n<p>&#8220;Depois de Mariana, mais uma barragem se rompe em\u00a0Minas Gerais, desta vez em Brumadinho. Nossa solidariedade aos mineiros&#8221;, escreveu Alvaro.<\/p>\n<p>Por sua vez, a senadora Gleisi Hoffmann (PT-PR) afirmou no Facebook que, de novo, o grave acidente ocorre em uma barragem da Vale. Para ela, a empresa mostra que est\u00e1 sendo negligente na inspe\u00e7\u00e3o das barragens e no cumprimento de obriga\u00e7\u00f5es ambientais.<\/p>\n<p>&#8220;Quantos lares ser\u00e3o destru\u00eddos ainda por conta da incompet\u00eancia e m\u00e1 administra\u00e7\u00e3o da empresa? Quantas vidas a mais ser\u00e3o perdidas? Pagar multa e indeniza\u00e7\u00e3o apenas ap\u00f3s todo processo que ir\u00e1 correr pelo visto n\u00e3o pesar\u00e1 nos ganhos, j\u00e1 que a p\u00e9ssima gest\u00e3o levou a mais esse incidente. O povo brasileiro paga o pre\u00e7o com a vida e perdas materiais pela segunda vez, depois da trag\u00e9dia no munic\u00edpio de Mariana. Solidariedade e todo apoio \u00e0s fam\u00edlias que est\u00e3o sendo v\u00edtimas de mais um epis\u00f3dio infeliz protagonizado pela p\u00e9ssima gest\u00e3o da Vale, e que levou ao rompimento das barragens&#8221;, escreveu Gleisi.<\/p>\n<h3><strong>Senadores eleitos<\/strong><\/h3>\n<p>Alguns senadores eleitos em 2018 e que tomam posse na pr\u00f3xima sexta-feira, 1\u00ba, tamb\u00e9m comentaram a trag\u00e9dia. Pelo Twitter, os futuros senadores Carlos Viana (PHS-MG) e Weverton (PDT-MA) prestaram solidariedade \u00e0s v\u00edtimas.<\/p>\n<p>Carlos Viana escreveu por volta das 15h desta sexta-feira (25): \u201cEstou a caminho de Arax\u00e1 acompanhando com preocupa\u00e7\u00e3o mais um desastre ambiental em nosso estado. O rompimento da barragem de C\u00f3rrego do Feij\u00e3o \u00e9 a confirma\u00e7\u00e3o de que, infelizmente, n\u00e3o aprendemos com o passado\u201d.<\/p>\n<p>Weverton considerou absurda a repeti\u00e7\u00e3o de trag\u00e9dias ambientais e humanas no pa\u00eds. Para ele, o acontecido mostra o resultado de uma mistura de impunidade e falta de fiscaliza\u00e7\u00e3o.<\/p>\n<p>&#8220;Cheguei a apresentar emendas ao Marco da Minera\u00e7\u00e3o (<a class=\"external-link\" href=\"http:\/\/www.congressonacional.leg.br\/materias\/medidas-provisorias\/-\/mpv\/130146\">MPV 790\/2017<\/a>), propondo que as mineradoras fossem responsabilizadas pela recupera\u00e7\u00e3o ambiental das \u00e1reas impactadas, por indeniza\u00e7\u00f5es e mitiga\u00e7\u00e3o dos impactos socioecon\u00f4micos e cultuais, tendo como exemplo o desastre acontecido em Mariana. As emendas n\u00e3o foram aprovadas. Mas essa \u00e9 uma luta permanente e, infelizmente, os fatos mostram que precisamos ter uma legisla\u00e7\u00e3o bem mais dura para evitar que as trag\u00e9dias continuem se repetindo nesse ciclo constante&#8221;, registrou Weverton, que est\u00e1 concluindo seu mandato de deputado federal.<\/p>\n<p>Fonte: Ag\u00eancia Senado<\/p>\n","protected":false},"excerpt":{"rendered":"<p>V\u00e1rios senadores comentaram j\u00e1 na sexta-feira, 25, em suas redes sociais, o rompimento de uma barragem da empresa Vale ocorrida em Minas Gerais, no munic\u00edpio de Brumadinho, regi\u00e3o metropolitana de Belo Horizonte. A maioria dos senadores recorda o rompimento da barragem na tamb\u00e9m mineira cidade de Mariana h\u00e1 pouco mais de tr\u00eas anos, considerada uma [&hellip;]<\/p>\n","protected":false},"author":96,"featured_media":132074,"comment_status":"closed","ping_status":"closed","sticky":false,"template":"","format":"standard","meta":{"footnotes":""},"categories":[436,254,439],"tags":[],"class_list":["post-132073","post","type-post","status-publish","format-standard","has-post-thumbnail","hentry","category-destaque-da-semana","category-politica","category-ultima-hora"],"_links":{"self":[{"href":"https:\/\/diarioregionaldigital.com.br\/index.php?rest_route=\/wp\/v2\/posts\/132073","targetHints":{"allow":["GET"]}}],"collection":[{"href":"https:\/\/diarioregionaldigital.com.br\/index.php?rest_route=\/wp\/v2\/posts"}],"about":[{"href":"https:\/\/diarioregionaldigital.com.br\/index.php?rest_route=\/wp\/v2\/types\/post"}],"author":[{"embeddable":true,"href":"https:\/\/diarioregionaldigital.com.br\/index.php?rest_route=\/wp\/v2\/users\/96"}],"replies":[{"embeddable":true,"href":"https:\/\/diarioregionaldigital.com.br\/index.php?rest_route=%2Fwp%2Fv2%2Fcomments&post=132073"}],"version-history":[{"count":0,"href":"https:\/\/diarioregionaldigital.com.br\/index.php?rest_route=\/wp\/v2\/posts\/132073\/revisions"}],"wp:featuredmedia":[{"embeddable":true,"href":"https:\/\/diarioregionaldigital.com.br\/index.php?rest_route=\/wp\/v2\/media\/132074"}],"wp:attachment":[{"href":"https:\/\/diarioregionaldigital.com.br\/index.php?rest_route=%2Fwp%2Fv2%2Fmedia&parent=132073"}],"wp:term":[{"taxonomy":"category","embeddable":true,"href":"https:\/\/diarioregionaldigital.com.br\/index.php?rest_route=%2Fwp%2Fv2%2Fcategories&post=132073"},{"taxonomy":"post_tag","embeddable":true,"href":"https:\/\/diarioregionaldigital.com.br\/index.php?rest_route=%2Fwp%2Fv2%2Ftags&post=132073"}],"curies":[{"name":"wp","href":"https:\/\/api.w.org\/{rel}","templated":true}]}}