{"id":132070,"date":"2019-01-26T11:09:24","date_gmt":"2019-01-26T13:09:24","guid":{"rendered":"https:\/\/diarioregionaldigital.com.br\/?p=132070"},"modified":"2019-01-26T11:09:24","modified_gmt":"2019-01-26T13:09:24","slug":"fevereiro-seguira-com-bandeira-tarifaria-verde-2","status":"publish","type":"post","link":"https:\/\/diarioregionaldigital.com.br\/?p=132070","title":{"rendered":"Fevereiro seguir\u00e1 com bandeira tarif\u00e1ria verde"},"content":{"rendered":"<p>A Ag\u00eancia Nacional de Energia El\u00e9trica (Aneel) informou nessa sexta-feira, 25, que a bandeira tarif\u00e1ria para fevereiro de 2019 ser\u00e1 a mesma de janeiro: verde, sem custo extra para os consumidores. Apesar da manuten\u00e7\u00e3o da bandeira verde, o m\u00eas de janeiro apresentou volume menor de chuvas que o esperado.<\/p>\n<p>Em nota, a ag\u00eancia disse que, \u201cmesmo com a eleva\u00e7\u00e3o do Pre\u00e7o de Liquida\u00e7\u00e3o das Diferen\u00e7as (PLD) provocada pela diminui\u00e7\u00e3o das chuvas em janeiro, a esta\u00e7\u00e3o chuvosa est\u00e1 em curso, propiciando eleva\u00e7\u00e3o gradativa da produ\u00e7\u00e3o de energia pelas usinas hidrel\u00e9tricas e melhora do n\u00edvel dos reservat\u00f3rios, com a consequente recupera\u00e7\u00e3o do risco hidrol\u00f3gico (GSF)\u201d.<\/p>\n<p>O GSF e o PLD s\u00e3o as duas vari\u00e1veis que determinam a cor da bandeira a ser acionada, disse a Aneel.<\/p>\n<h2>Sistema<\/h2>\n<p>O sistema de bandeiras tarif\u00e1rias foi criado, de acordo com a Aneel, para sinalizar aos consumidores os custos reais da gera\u00e7\u00e3o de energia el\u00e9trica. A ado\u00e7\u00e3o de cada bandeira, nas cores verde (sem cobran\u00e7a extra), amarela e vermelha (patamar 1 e 2) est\u00e1 relacionada aos custos da gera\u00e7\u00e3o de energia el\u00e9trica. Na amarela h\u00e1 o acr\u00e9scimo de R$ 1 a cada 100 kWh (quilowatts-hora). Na vermelha no patamar 1, o adicional nas contas de luz \u00e9 de R$ 3 a cada 100 kWh; no 2, o valor extra sobe para R$ 5.<\/p>\n<h2>Dicas de economia<\/h2>\n<p>Para evitar aumento significativo nas contas, a Aneel d\u00e1 dicas para que os consumidores economizem energia. Entre elas a de, no caso do uso de chuveiros el\u00e9tricos, se tomar banhos mais curtos e em temperatura morna ou fria.<\/p>\n<p>A ag\u00eancia sugere tamb\u00e9m a diminui\u00e7\u00e3o no uso do ar condicionado e que, quando o aparelho for usado, que se evite deixar portas e janelas abertas, al\u00e9m de manter o filtro limpo. A Aneel sugere, ainda, que o consumidor tenha aten\u00e7\u00e3o para deixar a porta da geladeira aberta apenas o tempo que for necess\u00e1rio e que nunca se coloque alimentos quentes em seu interior.<\/p>\n<p>Uma outra dica da Aneel para que o consumidor economize energia \u00e9 a de juntar roupas para serem passadas de uma s\u00f3 vez e que n\u00e3o se deixe o ferro de passar ligado por muito tempo. Sugere tamb\u00e9m que, durante longos per\u00edodos de aus\u00eancia, o consumidor evite deixar seus aparelhos em<em>\u00a0stand-by<\/em>. Nesse caso, o mais indicado \u00e9 retir\u00e1-los da tomada.<br \/>\nFonte: Ag\u00eancia Brasil<\/p>\n","protected":false},"excerpt":{"rendered":"<p>A Ag\u00eancia Nacional de Energia El\u00e9trica (Aneel) informou nessa sexta-feira, 25, que a bandeira tarif\u00e1ria para fevereiro de 2019 ser\u00e1 a mesma de janeiro: verde, sem custo extra para os consumidores. Apesar da manuten\u00e7\u00e3o da bandeira verde, o m\u00eas de janeiro apresentou volume menor de chuvas que o esperado. Em nota, a ag\u00eancia disse que, [&hellip;]<\/p>\n","protected":false},"author":96,"featured_media":132071,"comment_status":"closed","ping_status":"closed","sticky":false,"template":"","format":"standard","meta":{"footnotes":""},"categories":[436,261,439],"tags":[],"class_list":["post-132070","post","type-post","status-publish","format-standard","has-post-thumbnail","hentry","category-destaque-da-semana","category-economia","category-ultima-hora"],"_links":{"self":[{"href":"https:\/\/diarioregionaldigital.com.br\/index.php?rest_route=\/wp\/v2\/posts\/132070","targetHints":{"allow":["GET"]}}],"collection":[{"href":"https:\/\/diarioregionaldigital.com.br\/index.php?rest_route=\/wp\/v2\/posts"}],"about":[{"href":"https:\/\/diarioregionaldigital.com.br\/index.php?rest_route=\/wp\/v2\/types\/post"}],"author":[{"embeddable":true,"href":"https:\/\/diarioregionaldigital.com.br\/index.php?rest_route=\/wp\/v2\/users\/96"}],"replies":[{"embeddable":true,"href":"https:\/\/diarioregionaldigital.com.br\/index.php?rest_route=%2Fwp%2Fv2%2Fcomments&post=132070"}],"version-history":[{"count":0,"href":"https:\/\/diarioregionaldigital.com.br\/index.php?rest_route=\/wp\/v2\/posts\/132070\/revisions"}],"wp:featuredmedia":[{"embeddable":true,"href":"https:\/\/diarioregionaldigital.com.br\/index.php?rest_route=\/wp\/v2\/media\/132071"}],"wp:attachment":[{"href":"https:\/\/diarioregionaldigital.com.br\/index.php?rest_route=%2Fwp%2Fv2%2Fmedia&parent=132070"}],"wp:term":[{"taxonomy":"category","embeddable":true,"href":"https:\/\/diarioregionaldigital.com.br\/index.php?rest_route=%2Fwp%2Fv2%2Fcategories&post=132070"},{"taxonomy":"post_tag","embeddable":true,"href":"https:\/\/diarioregionaldigital.com.br\/index.php?rest_route=%2Fwp%2Fv2%2Ftags&post=132070"}],"curies":[{"name":"wp","href":"https:\/\/api.w.org\/{rel}","templated":true}]}}