{"id":132067,"date":"2019-01-26T11:07:35","date_gmt":"2019-01-26T13:07:35","guid":{"rendered":"https:\/\/diarioregionaldigital.com.br\/?p=132067"},"modified":"2019-01-26T11:07:35","modified_gmt":"2019-01-26T13:07:35","slug":"justica-de-minas-gerais-bloqueia-r-1-bilhao-da-vale","status":"publish","type":"post","link":"https:\/\/diarioregionaldigital.com.br\/?p=132067","title":{"rendered":"Justi\u00e7a de Minas Gerais bloqueia R$ 1 bilh\u00e3o da Vale"},"content":{"rendered":"<p>O juiz Renan Chaves Carreira Machado, respons\u00e1vel pelo plant\u00e3o judicial em Belo Horizonte, determinou o bloqueio de R$ 1 bilh\u00e3o da mineradora Vale. O montante, de acordo com a decis\u00e3o, deve ser depositado numa conta judicial. A medida foi tomada ap\u00f3s o rompimento de uma barragem de rejeitos da empresa, em Brumadinho (MG), na regi\u00e3o metropolitana de Belo Horizonte.<\/p>\n<p>No texto, o magistrado se refere \u00e0 trag\u00e9dia no interior do estado como um evento com grave repercuss\u00e3o ambiental e elevado n\u00famero de v\u00edtimas, de alcance ainda desconhecido. \u201cH\u00e1 um desastre humano e ambiental a exigir a destina\u00e7\u00e3o de recursos materiais para imediato e efetivo amparo \u00e0s v\u00edtimas e redu\u00e7\u00e3o das consequ\u00eancias\u201d, destacou.<\/p>\n<p>Ainda de acordo com o juiz, uma atua\u00e7\u00e3o r\u00e1pida da mineradora Vale e tamb\u00e9m do poder p\u00fablico \u2013 citando, explicitamente, o estado de Minas Gerais \u2013 pode resultar em melhor amparo \u00e0s pessoas diretamente envolvidas e na redu\u00e7\u00e3o do preju\u00edzo ambiental.<\/p>\n<p>\u201cCabe mencionar a grave crise financeira do estado de Minas Gerais, fato igualmente not\u00f3rio e que limita o enfrentamento de um desastre dessa propor\u00e7\u00e3o. Lado outro, a Vale, cuja responsabilidade \u00e9 objetiva pelos danos causados, segundo ela pr\u00f3pria, apresentou lucro recorrente de R$ 8,3 bilh\u00f5es e distribuiu dividendos da ordem de US$ 1,142 bilh\u00e3o apenas no terceiro trimestre de 2018.\u201d<\/p>\n<h2>Desastre<\/h2>\n<p>O rompimento da barragem B1 ocorreu no in\u00edcio da tarde de ontem (25), na Mina C\u00f3rrego do Feij\u00e3o. A quantidade de rejeito acumulado na estrutura fez com que uma outra barragem transbordasse. A lama atingiu uma \u00e1rea administrativa da companhia e parte da comunidade de Vila Ferteco.<\/p>\n<p>O Corpo de Bombeiros Militar de Minas Gerais registrou, at\u00e9 o in\u00edcio da madrugada de hoje (26),\u00a0nove mortes\u00a0ap\u00f3s o rompimento de uma barragem da mineradora Vale no munic\u00edpio de Brumadinho. O \u00faltimo balan\u00e7o da corpora\u00e7\u00e3o aponta ainda o\u00a0resgate de nove pessoas\u00a0com vida da lama de rejeitos e de cerca de 100 pessoas que estavam ilhadas.<\/p>\n<p>Fonte: Ag\u00eancia Brasil<\/p>\n","protected":false},"excerpt":{"rendered":"<p>O juiz Renan Chaves Carreira Machado, respons\u00e1vel pelo plant\u00e3o judicial em Belo Horizonte, determinou o bloqueio de R$ 1 bilh\u00e3o da mineradora Vale. O montante, de acordo com a decis\u00e3o, deve ser depositado numa conta judicial. A medida foi tomada ap\u00f3s o rompimento de uma barragem de rejeitos da empresa, em Brumadinho (MG), na regi\u00e3o [&hellip;]<\/p>\n","protected":false},"author":96,"featured_media":132068,"comment_status":"closed","ping_status":"closed","sticky":false,"template":"","format":"standard","meta":{"footnotes":""},"categories":[436,252,439],"tags":[],"class_list":["post-132067","post","type-post","status-publish","format-standard","has-post-thumbnail","hentry","category-destaque-da-semana","category-regiao","category-ultima-hora"],"_links":{"self":[{"href":"https:\/\/diarioregionaldigital.com.br\/index.php?rest_route=\/wp\/v2\/posts\/132067","targetHints":{"allow":["GET"]}}],"collection":[{"href":"https:\/\/diarioregionaldigital.com.br\/index.php?rest_route=\/wp\/v2\/posts"}],"about":[{"href":"https:\/\/diarioregionaldigital.com.br\/index.php?rest_route=\/wp\/v2\/types\/post"}],"author":[{"embeddable":true,"href":"https:\/\/diarioregionaldigital.com.br\/index.php?rest_route=\/wp\/v2\/users\/96"}],"replies":[{"embeddable":true,"href":"https:\/\/diarioregionaldigital.com.br\/index.php?rest_route=%2Fwp%2Fv2%2Fcomments&post=132067"}],"version-history":[{"count":0,"href":"https:\/\/diarioregionaldigital.com.br\/index.php?rest_route=\/wp\/v2\/posts\/132067\/revisions"}],"wp:featuredmedia":[{"embeddable":true,"href":"https:\/\/diarioregionaldigital.com.br\/index.php?rest_route=\/wp\/v2\/media\/132068"}],"wp:attachment":[{"href":"https:\/\/diarioregionaldigital.com.br\/index.php?rest_route=%2Fwp%2Fv2%2Fmedia&parent=132067"}],"wp:term":[{"taxonomy":"category","embeddable":true,"href":"https:\/\/diarioregionaldigital.com.br\/index.php?rest_route=%2Fwp%2Fv2%2Fcategories&post=132067"},{"taxonomy":"post_tag","embeddable":true,"href":"https:\/\/diarioregionaldigital.com.br\/index.php?rest_route=%2Fwp%2Fv2%2Ftags&post=132067"}],"curies":[{"name":"wp","href":"https:\/\/api.w.org\/{rel}","templated":true}]}}