{"id":132059,"date":"2019-01-26T10:26:51","date_gmt":"2019-01-26T12:26:51","guid":{"rendered":"https:\/\/diarioregionaldigital.com.br\/?p=132059"},"modified":"2019-01-26T10:27:42","modified_gmt":"2019-01-26T12:27:42","slug":"adolescente-e-assaltado-na-rua-santo-antonio-centro-de-juiz-de-fora","status":"publish","type":"post","link":"https:\/\/diarioregionaldigital.com.br\/?p=132059","title":{"rendered":"Adolescente \u00e9 assaltado na rua Santo Ant\u00f4nio, Centro de Juiz de Fora"},"content":{"rendered":"<p>&nbsp;<\/p>\n<p>Nessa sexta-feira, 25, um adolescente de 13 anos foi assaltado na rua Santo Ant\u00f4nio, Centro de Juiz de Fora.<span class=\"Apple-converted-space\">\u00a0<\/span><\/p>\n<p>De acordo com informa\u00e7\u00f5es, a v\u00edtima compareceu \u00e0 delegacia de S\u00e3o Mateus, regi\u00e3o Central da cidade, acompanhada de sua m\u00e3e.<span class=\"Apple-converted-space\">\u00a0<\/span><\/p>\n<p>Segundo o adolescente, ele foi abordado por um homem com uma cicatriz no rosto, armado com uma faca que, ap\u00f3s anunciar o assalto, subtraiu o seu aparelho celular.<span class=\"Apple-converted-space\">\u00a0<\/span><\/p>\n<p>A v\u00edtima foi orientada. O suspeito n\u00e3o foi encontrado.<span class=\"Apple-converted-space\">\u00a0<\/span><\/p>\n","protected":false},"excerpt":{"rendered":"<p>&nbsp; Nessa sexta-feira, 25, um adolescente de 13 anos foi assaltado na rua Santo Ant\u00f4nio, Centro de Juiz de Fora.\u00a0 De acordo com informa\u00e7\u00f5es, a v\u00edtima compareceu \u00e0 delegacia de S\u00e3o Mateus, regi\u00e3o Central da cidade, acompanhada de sua m\u00e3e.\u00a0 Segundo o adolescente, ele foi abordado por um homem com uma cicatriz no rosto, armado [&hellip;]<\/p>\n","protected":false},"author":96,"featured_media":97342,"comment_status":"closed","ping_status":"closed","sticky":false,"template":"","format":"standard","meta":{"footnotes":""},"categories":[301],"tags":[],"class_list":["post-132059","post","type-post","status-publish","format-standard","has-post-thumbnail","hentry","category-artigos-policiais"],"_links":{"self":[{"href":"https:\/\/diarioregionaldigital.com.br\/index.php?rest_route=\/wp\/v2\/posts\/132059","targetHints":{"allow":["GET"]}}],"collection":[{"href":"https:\/\/diarioregionaldigital.com.br\/index.php?rest_route=\/wp\/v2\/posts"}],"about":[{"href":"https:\/\/diarioregionaldigital.com.br\/index.php?rest_route=\/wp\/v2\/types\/post"}],"author":[{"embeddable":true,"href":"https:\/\/diarioregionaldigital.com.br\/index.php?rest_route=\/wp\/v2\/users\/96"}],"replies":[{"embeddable":true,"href":"https:\/\/diarioregionaldigital.com.br\/index.php?rest_route=%2Fwp%2Fv2%2Fcomments&post=132059"}],"version-history":[{"count":0,"href":"https:\/\/diarioregionaldigital.com.br\/index.php?rest_route=\/wp\/v2\/posts\/132059\/revisions"}],"wp:featuredmedia":[{"embeddable":true,"href":"https:\/\/diarioregionaldigital.com.br\/index.php?rest_route=\/wp\/v2\/media\/97342"}],"wp:attachment":[{"href":"https:\/\/diarioregionaldigital.com.br\/index.php?rest_route=%2Fwp%2Fv2%2Fmedia&parent=132059"}],"wp:term":[{"taxonomy":"category","embeddable":true,"href":"https:\/\/diarioregionaldigital.com.br\/index.php?rest_route=%2Fwp%2Fv2%2Fcategories&post=132059"},{"taxonomy":"post_tag","embeddable":true,"href":"https:\/\/diarioregionaldigital.com.br\/index.php?rest_route=%2Fwp%2Fv2%2Ftags&post=132059"}],"curies":[{"name":"wp","href":"https:\/\/api.w.org\/{rel}","templated":true}]}}