{"id":132057,"date":"2019-01-26T10:15:23","date_gmt":"2019-01-26T12:15:23","guid":{"rendered":"https:\/\/diarioregionaldigital.com.br\/?p=132057"},"modified":"2019-01-26T10:15:23","modified_gmt":"2019-01-26T12:15:23","slug":"morador-tem-r6-mil-reais-levados-em-assalto-no-bairro-grajau","status":"publish","type":"post","link":"https:\/\/diarioregionaldigital.com.br\/?p=132057","title":{"rendered":"Morador tem R$6 mil reais levados em assalto no bairro Graja\u00fa"},"content":{"rendered":"<p>&nbsp;<\/p>\n<p>Nessa sexta-feira, 25, um morador de 58 anos teve R$6 mil levados depois de um assalto em sua resid\u00eancia no bairro Graja\u00fa.<\/p>\n<p>Segundo informa\u00e7\u00f5es do Boletim de Ocorr\u00eancia (BO), o morador saiu para trabalhar, e recebeu uma liga\u00e7\u00e3o de um vizinho contando que viu um indiv\u00edduo na laje da casa dele.<\/p>\n<p>Chegando no local, a v\u00edtima constatou que a porta estava aberta. Ainda segundo ele, o suspeito invadiu a casa e pegou o dinheiro que estava guardando em uma gaveta.<\/p>\n<p>O caso foi encaminhado para a Pol\u00edcia Civil que deve investigar o roubo.<\/p>\n","protected":false},"excerpt":{"rendered":"<p>&nbsp; Nessa sexta-feira, 25, um morador de 58 anos teve R$6 mil levados depois de um assalto em sua resid\u00eancia no bairro Graja\u00fa. Segundo informa\u00e7\u00f5es do Boletim de Ocorr\u00eancia (BO), o morador saiu para trabalhar, e recebeu uma liga\u00e7\u00e3o de um vizinho contando que viu um indiv\u00edduo na laje da casa dele. Chegando no local, [&hellip;]<\/p>\n","protected":false},"author":96,"featured_media":97342,"comment_status":"closed","ping_status":"closed","sticky":false,"template":"","format":"standard","meta":{"footnotes":""},"categories":[301],"tags":[],"class_list":["post-132057","post","type-post","status-publish","format-standard","has-post-thumbnail","hentry","category-artigos-policiais"],"_links":{"self":[{"href":"https:\/\/diarioregionaldigital.com.br\/index.php?rest_route=\/wp\/v2\/posts\/132057","targetHints":{"allow":["GET"]}}],"collection":[{"href":"https:\/\/diarioregionaldigital.com.br\/index.php?rest_route=\/wp\/v2\/posts"}],"about":[{"href":"https:\/\/diarioregionaldigital.com.br\/index.php?rest_route=\/wp\/v2\/types\/post"}],"author":[{"embeddable":true,"href":"https:\/\/diarioregionaldigital.com.br\/index.php?rest_route=\/wp\/v2\/users\/96"}],"replies":[{"embeddable":true,"href":"https:\/\/diarioregionaldigital.com.br\/index.php?rest_route=%2Fwp%2Fv2%2Fcomments&post=132057"}],"version-history":[{"count":0,"href":"https:\/\/diarioregionaldigital.com.br\/index.php?rest_route=\/wp\/v2\/posts\/132057\/revisions"}],"wp:featuredmedia":[{"embeddable":true,"href":"https:\/\/diarioregionaldigital.com.br\/index.php?rest_route=\/wp\/v2\/media\/97342"}],"wp:attachment":[{"href":"https:\/\/diarioregionaldigital.com.br\/index.php?rest_route=%2Fwp%2Fv2%2Fmedia&parent=132057"}],"wp:term":[{"taxonomy":"category","embeddable":true,"href":"https:\/\/diarioregionaldigital.com.br\/index.php?rest_route=%2Fwp%2Fv2%2Fcategories&post=132057"},{"taxonomy":"post_tag","embeddable":true,"href":"https:\/\/diarioregionaldigital.com.br\/index.php?rest_route=%2Fwp%2Fv2%2Ftags&post=132057"}],"curies":[{"name":"wp","href":"https:\/\/api.w.org\/{rel}","templated":true}]}}