{"id":132055,"date":"2019-01-26T10:03:32","date_gmt":"2019-01-26T12:03:32","guid":{"rendered":"https:\/\/diarioregionaldigital.com.br\/?p=132055"},"modified":"2019-01-26T10:03:32","modified_gmt":"2019-01-26T12:03:32","slug":"onibus-da-linha-107-e-assaltado-no-bairro-grama","status":"publish","type":"post","link":"https:\/\/diarioregionaldigital.com.br\/?p=132055","title":{"rendered":"\u00d4nibus da linha 107 \u00e9 assaltado no bairro Grama"},"content":{"rendered":"<p><span class=\"Apple-converted-space\">\u00a0<\/span><\/p>\n<p>Neste s\u00e1bado, 26, quatro autores invadiram o coletivo da linha 107, Vila Montanhesa, armados com um fac\u00e3o e p\u00e9 de cabra e assaltaram os passageiros.<\/p>\n<p>Foram levados R$80 reais do cobrador e R$50 reais do caixa do coletivo. Os suspeitos n\u00e3o foram encontrados.<\/p>\n","protected":false},"excerpt":{"rendered":"<p>\u00a0 Neste s\u00e1bado, 26, quatro autores invadiram o coletivo da linha 107, Vila Montanhesa, armados com um fac\u00e3o e p\u00e9 de cabra e assaltaram os passageiros. Foram levados R$80 reais do cobrador e R$50 reais do caixa do coletivo. Os suspeitos n\u00e3o foram encontrados.<\/p>\n","protected":false},"author":96,"featured_media":97342,"comment_status":"closed","ping_status":"closed","sticky":false,"template":"","format":"standard","meta":{"footnotes":""},"categories":[301],"tags":[],"class_list":["post-132055","post","type-post","status-publish","format-standard","has-post-thumbnail","hentry","category-artigos-policiais"],"_links":{"self":[{"href":"https:\/\/diarioregionaldigital.com.br\/index.php?rest_route=\/wp\/v2\/posts\/132055","targetHints":{"allow":["GET"]}}],"collection":[{"href":"https:\/\/diarioregionaldigital.com.br\/index.php?rest_route=\/wp\/v2\/posts"}],"about":[{"href":"https:\/\/diarioregionaldigital.com.br\/index.php?rest_route=\/wp\/v2\/types\/post"}],"author":[{"embeddable":true,"href":"https:\/\/diarioregionaldigital.com.br\/index.php?rest_route=\/wp\/v2\/users\/96"}],"replies":[{"embeddable":true,"href":"https:\/\/diarioregionaldigital.com.br\/index.php?rest_route=%2Fwp%2Fv2%2Fcomments&post=132055"}],"version-history":[{"count":0,"href":"https:\/\/diarioregionaldigital.com.br\/index.php?rest_route=\/wp\/v2\/posts\/132055\/revisions"}],"wp:featuredmedia":[{"embeddable":true,"href":"https:\/\/diarioregionaldigital.com.br\/index.php?rest_route=\/wp\/v2\/media\/97342"}],"wp:attachment":[{"href":"https:\/\/diarioregionaldigital.com.br\/index.php?rest_route=%2Fwp%2Fv2%2Fmedia&parent=132055"}],"wp:term":[{"taxonomy":"category","embeddable":true,"href":"https:\/\/diarioregionaldigital.com.br\/index.php?rest_route=%2Fwp%2Fv2%2Fcategories&post=132055"},{"taxonomy":"post_tag","embeddable":true,"href":"https:\/\/diarioregionaldigital.com.br\/index.php?rest_route=%2Fwp%2Fv2%2Ftags&post=132055"}],"curies":[{"name":"wp","href":"https:\/\/api.w.org\/{rel}","templated":true}]}}