{"id":132053,"date":"2019-01-26T09:51:09","date_gmt":"2019-01-26T11:51:09","guid":{"rendered":"https:\/\/diarioregionaldigital.com.br\/?p=132053"},"modified":"2019-01-26T09:51:09","modified_gmt":"2019-01-26T11:51:09","slug":"aldeia-pataxo-e-evacuada-apos-rompimento-de-barragem-em-brumadinho","status":"publish","type":"post","link":"https:\/\/diarioregionaldigital.com.br\/?p=132053","title":{"rendered":"Aldeia Patax\u00f3 \u00e9 evacuada ap\u00f3s rompimento de barragem em Brumadinho"},"content":{"rendered":"<p>Uma aldeia Patax\u00f3 H\u00e3-h\u00e3-h\u00e3e precisou ser evacuada ap\u00f3s o\u00a0<a href=\"http:\/\/agenciabrasil.ebc.com.br\/geral\/noticia\/2019-01\/bombeiros-estimam-cerca-de-200-desaparecidos-apos-barragem-se-romper\" target=\"_blank\" rel=\"noopener\">rompimento de uma barragem<\/a>\u00a0da mineradora Vale em Brumadinho, regi\u00e3o metropolitana de Belo Horizonte (MG). De acordo com o Conselho Indigenista Mission\u00e1rio (Cimi), as 25 fam\u00edlias que vivem na aldeia Na\u00f4 Xoh\u00e3 foram levadas para a parte mais alta do munic\u00edpio de S\u00e3o Joaquim de Bicas, onde est\u00e1 localizada a comunidade.<\/p>\n<p>Por meio de nota, o Cimi informou que Brumadinho, S\u00e3o Joaquim de Bicas e M\u00e1rio Campos formam um conjunto de cidades cortadas pelo Rio Paraopeba, atingido pela lama de rejeitos da barragem por volta das 15h50 dessa sexta-feira, 25. A aldeia evacuada fica na margem do rio, de onde os Patax\u00f3 H\u00e3-h\u00e3-h\u00e3e retiram sua subsist\u00eancia.<\/p>\n<h2>Trag\u00e9dia se repete<\/h2>\n<p>No comunicado, o Cimi lembrou que, h\u00e1 tr\u00eas anos, a barragem de Fund\u00e3o, em Mariana (MG), se rompia, devastando a bacia do Vale do Rio Doce, deixando 19 mortos e centenas de desalojados. Os rejeitos chegaram at\u00e9 a foz do Rio Doce, no Esp\u00edrito Santo. Cerca de 126 fam\u00edlias do povo Krenak vivem espalhadas em sete aldeias \u00e0s margens do Rio Doce.<\/p>\n<p>\u201cAntes do desastre de Fund\u00e3o, pescavam, ca\u00e7avam e viviam abastecidos pela \u00e1gua do rio. Com a polui\u00e7\u00e3o gerada pela lama de rejeitos, os Krenak se veem hoje dependentes de recursos estatais e da alimenta\u00e7\u00e3o comprada em supermercados. N\u00e3o podem plantar, os animais desapareceram da regi\u00e3o e o rio segue inutiliz\u00e1vel, em um processo de recupera\u00e7\u00e3o que pode levar mais de uma d\u00e9cada.\u201d<\/p>\n<p><em>Fonte: Ag\u00eancia Brasil<\/em><\/p>\n","protected":false},"excerpt":{"rendered":"<p>Uma aldeia Patax\u00f3 H\u00e3-h\u00e3-h\u00e3e precisou ser evacuada ap\u00f3s o\u00a0rompimento de uma barragem\u00a0da mineradora Vale em Brumadinho, regi\u00e3o metropolitana de Belo Horizonte (MG). De acordo com o Conselho Indigenista Mission\u00e1rio (Cimi), as 25 fam\u00edlias que vivem na aldeia Na\u00f4 Xoh\u00e3 foram levadas para a parte mais alta do munic\u00edpio de S\u00e3o Joaquim de Bicas, onde est\u00e1 [&hellip;]<\/p>\n","protected":false},"author":96,"featured_media":132010,"comment_status":"closed","ping_status":"closed","sticky":false,"template":"","format":"standard","meta":{"footnotes":""},"categories":[302,436,439],"tags":[],"class_list":["post-132053","post","type-post","status-publish","format-standard","has-post-thumbnail","hentry","category-brasil-mundo","category-destaque-da-semana","category-ultima-hora"],"_links":{"self":[{"href":"https:\/\/diarioregionaldigital.com.br\/index.php?rest_route=\/wp\/v2\/posts\/132053","targetHints":{"allow":["GET"]}}],"collection":[{"href":"https:\/\/diarioregionaldigital.com.br\/index.php?rest_route=\/wp\/v2\/posts"}],"about":[{"href":"https:\/\/diarioregionaldigital.com.br\/index.php?rest_route=\/wp\/v2\/types\/post"}],"author":[{"embeddable":true,"href":"https:\/\/diarioregionaldigital.com.br\/index.php?rest_route=\/wp\/v2\/users\/96"}],"replies":[{"embeddable":true,"href":"https:\/\/diarioregionaldigital.com.br\/index.php?rest_route=%2Fwp%2Fv2%2Fcomments&post=132053"}],"version-history":[{"count":0,"href":"https:\/\/diarioregionaldigital.com.br\/index.php?rest_route=\/wp\/v2\/posts\/132053\/revisions"}],"wp:featuredmedia":[{"embeddable":true,"href":"https:\/\/diarioregionaldigital.com.br\/index.php?rest_route=\/wp\/v2\/media\/132010"}],"wp:attachment":[{"href":"https:\/\/diarioregionaldigital.com.br\/index.php?rest_route=%2Fwp%2Fv2%2Fmedia&parent=132053"}],"wp:term":[{"taxonomy":"category","embeddable":true,"href":"https:\/\/diarioregionaldigital.com.br\/index.php?rest_route=%2Fwp%2Fv2%2Fcategories&post=132053"},{"taxonomy":"post_tag","embeddable":true,"href":"https:\/\/diarioregionaldigital.com.br\/index.php?rest_route=%2Fwp%2Fv2%2Ftags&post=132053"}],"curies":[{"name":"wp","href":"https:\/\/api.w.org\/{rel}","templated":true}]}}