{"id":132050,"date":"2019-01-26T09:46:32","date_gmt":"2019-01-26T11:46:32","guid":{"rendered":"https:\/\/diarioregionaldigital.com.br\/?p=132050"},"modified":"2019-01-28T10:30:36","modified_gmt":"2019-01-28T12:30:36","slug":"governo-de-mg-determina-suspensao-das-atividades-da-vale-em-brumadinho","status":"publish","type":"post","link":"https:\/\/diarioregionaldigital.com.br\/?p=132050","title":{"rendered":"Governo de MG determina suspens\u00e3o das atividades da Vale em Brumadinho"},"content":{"rendered":"<p>A Secretaria de Meio Ambiente e Desenvolvimento Sustent\u00e1vel de Minas Gerais determinou a suspens\u00e3o imediata de todas as atividades da mineradora Vale na regi\u00e3o de Brumadinho, onde uma\u00a0<a href=\"http:\/\/agenciabrasil.ebc.com.br\/geral\/noticia\/2019-01\/barragem-da-vale-rompe-em-brumadinho-mg\" target=\"_blank\" rel=\"noopener\">barragem se rompeu<\/a>\u00a0no in\u00edcio da tarde dessa sexta-feira, 25. Por meio de nota, o \u00f3rg\u00e3o informou que tamb\u00e9m determinou a abertura imediata de um canal onde houve ac\u00famulo de sedimentos que interrompem o fluxo natural do curso d\u2019\u00e1gua.<\/p>\n<p>De acordo com o comunicado, foi determinado ainda o rebaixamento do n\u00edvel do reservat\u00f3rio da barragem VI, que transbordou ap\u00f3s o rompimento da barragem B1. Outra medida estabelecida pela secretaria foi o monitoramento da qualidade da \u00e1gua no Rio Paraopeba, que abastece a regi\u00e3o. Tamb\u00e9m haver\u00e1 monitoramento, em tempo integral, das estruturas remanescentes da barragem, com comunica\u00e7\u00e3o imediata ao centro de comando e equipes que estiverem em campo.<\/p>\n<p>A secretaria informou que a barragem B1 come\u00e7ou a operar em meados dos anos 70 e estava licenciada. Desde 2015, o local n\u00e3o recebia mais rejeitos. De acordo com o governo estadual, a Vale solicitou licen\u00e7a ambiental para desativar a estrutura e o documento foi aprovado pelo Conselho Estadual de Pol\u00edtica Ambiental em dezembro de 2018, \u201cseguindo todos ritos e procedimentos vigentes\u201d.<\/p>\n<p>\u201cO \u00f3rg\u00e3o n\u00e3o autorizou a disposi\u00e7\u00e3o de rejeitos, mas a retirada de todo material depositado e posterior recupera\u00e7\u00e3o ambiental da \u00e1rea\u201d, destacou o comunicado. O volume de material disposto na barragem B1 era de aproximadamente 12 milh\u00f5es de metros c\u00fabicos de rejeito de min\u00e9rio de ferro.<\/p>\n<p>A estrutura da barragem tinha \u00e1rea total de aproximadamente 27 hectares e 87 metros de altura. A compet\u00eancia para fiscalizar a seguran\u00e7a das barragens de minera\u00e7\u00e3o \u00e9 da Ag\u00eancia Nacional de Minera\u00e7\u00e3o (ANM), conforme estabelecido na Pol\u00edtica Nacional de Seguran\u00e7a de Barragens (Lei 12.334\/2010). Ainda segundo a legisla\u00e7\u00e3o, a responsabilidade pela opera\u00e7\u00e3o adequada desse tipo de estrutura \u00e9 do empreendedor.<\/p>\n<p>Em nota, a ANM informou que a barragem B1 era uma estrutura destinada \u00e0 conten\u00e7\u00e3o de rejeitos, de porte m\u00e9dio e que n\u00e3o apresentava pend\u00eancias documentais. Em termos de seguran\u00e7a operacional, o local\u00a0<a href=\"http:\/\/agenciabrasil.ebc.com.br\/geral\/noticia\/2019-01\/barragem-nao-era-considerada-de-alto-risco-diz-relatorio-da-ana\" target=\"_blank\" rel=\"noopener\">estava classificado<\/a>\u00a0na categoria de risco baixo e de dano potencial associado alto \u2013 em fun\u00e7\u00e3o de perdas de vidas humanas e dos impactos econ\u00f4micos sociais e ambientais.<\/p>\n<p><em>Fonte: Ag\u00eancia Brasil<\/em><\/p>\n","protected":false},"excerpt":{"rendered":"<p>A Secretaria de Meio Ambiente e Desenvolvimento Sustent\u00e1vel de Minas Gerais determinou a suspens\u00e3o imediata de todas as atividades da mineradora Vale na regi\u00e3o de Brumadinho, onde uma\u00a0barragem se rompeu\u00a0no in\u00edcio da tarde dessa sexta-feira, 25. Por meio de nota, o \u00f3rg\u00e3o informou que tamb\u00e9m determinou a abertura imediata de um canal onde houve ac\u00famulo [&hellip;]<\/p>\n","protected":false},"author":96,"featured_media":0,"comment_status":"closed","ping_status":"closed","sticky":false,"template":"","format":"standard","meta":{"footnotes":""},"categories":[302,436,439],"tags":[],"class_list":["post-132050","post","type-post","status-publish","format-standard","hentry","category-brasil-mundo","category-destaque-da-semana","category-ultima-hora"],"_links":{"self":[{"href":"https:\/\/diarioregionaldigital.com.br\/index.php?rest_route=\/wp\/v2\/posts\/132050","targetHints":{"allow":["GET"]}}],"collection":[{"href":"https:\/\/diarioregionaldigital.com.br\/index.php?rest_route=\/wp\/v2\/posts"}],"about":[{"href":"https:\/\/diarioregionaldigital.com.br\/index.php?rest_route=\/wp\/v2\/types\/post"}],"author":[{"embeddable":true,"href":"https:\/\/diarioregionaldigital.com.br\/index.php?rest_route=\/wp\/v2\/users\/96"}],"replies":[{"embeddable":true,"href":"https:\/\/diarioregionaldigital.com.br\/index.php?rest_route=%2Fwp%2Fv2%2Fcomments&post=132050"}],"version-history":[{"count":0,"href":"https:\/\/diarioregionaldigital.com.br\/index.php?rest_route=\/wp\/v2\/posts\/132050\/revisions"}],"wp:attachment":[{"href":"https:\/\/diarioregionaldigital.com.br\/index.php?rest_route=%2Fwp%2Fv2%2Fmedia&parent=132050"}],"wp:term":[{"taxonomy":"category","embeddable":true,"href":"https:\/\/diarioregionaldigital.com.br\/index.php?rest_route=%2Fwp%2Fv2%2Fcategories&post=132050"},{"taxonomy":"post_tag","embeddable":true,"href":"https:\/\/diarioregionaldigital.com.br\/index.php?rest_route=%2Fwp%2Fv2%2Ftags&post=132050"}],"curies":[{"name":"wp","href":"https:\/\/api.w.org\/{rel}","templated":true}]}}