{"id":132046,"date":"2019-01-26T09:36:54","date_gmt":"2019-01-26T11:36:54","guid":{"rendered":"https:\/\/diarioregionaldigital.com.br\/?p=132046"},"modified":"2019-01-26T15:40:53","modified_gmt":"2019-01-26T17:40:53","slug":"bombeiros-de-jf-sao-acionados-para-atuar-em-tragedia-em-brumadinho","status":"publish","type":"post","link":"https:\/\/diarioregionaldigital.com.br\/?p=132046","title":{"rendered":"Bombeiros de JF s\u00e3o acionados para atuar em trag\u00e9dia em Brumadinho"},"content":{"rendered":"<p>Na noite dessa sexta-feira, 25, o Corpo de Bombeiros Militar de Juiz de Fora e regi\u00e3o foi acionado pelo comandante das opera\u00e7\u00f5es do rompimento da barragem em Brumadinho, regi\u00e3o metropolitana de Belo Horizonte.<\/p>\n<p>Uma equipe composta por 25 militares do 4\u00ba BBM (Juiz de Fora), e 2\u00aa Cia Independente (Barbacena)\u00a0sa\u00edram de Juiz de Fora na madrugada deste s\u00e1bado, 26, e chegaram no local do incidente \u00e0s 7h da manh\u00e3.<\/p>\n<p>A equipe, composta por cinco oficiais e vinte pra\u00e7as, \u00e9 comandada pelo Capit\u00e3o Trist\u00e3o que ir\u00e1 compor o efetivo total empenhado na resposta direta ao desastre.<\/p>\n<p>Mais de 50 bombeiros j\u00e1 est\u00e3o prontos para serem empenhados a qualquer momento.<\/p>\n","protected":false},"excerpt":{"rendered":"<p>Na noite dessa sexta-feira, 25, o Corpo de Bombeiros Militar de Juiz de Fora e regi\u00e3o foi acionado pelo comandante das opera\u00e7\u00f5es do rompimento da barragem em Brumadinho, regi\u00e3o metropolitana de Belo Horizonte. Uma equipe composta por 25 militares do 4\u00ba BBM (Juiz de Fora), e 2\u00aa Cia Independente (Barbacena)\u00a0sa\u00edram de Juiz de Fora na [&hellip;]<\/p>\n","protected":false},"author":96,"featured_media":0,"comment_status":"closed","ping_status":"closed","sticky":false,"template":"","format":"standard","meta":{"footnotes":""},"categories":[253,436,440,439],"tags":[],"class_list":["post-132046","post","type-post","status-publish","format-standard","hentry","category-cidade","category-destaque-da-semana","category-destaques-do-dia","category-ultima-hora"],"_links":{"self":[{"href":"https:\/\/diarioregionaldigital.com.br\/index.php?rest_route=\/wp\/v2\/posts\/132046","targetHints":{"allow":["GET"]}}],"collection":[{"href":"https:\/\/diarioregionaldigital.com.br\/index.php?rest_route=\/wp\/v2\/posts"}],"about":[{"href":"https:\/\/diarioregionaldigital.com.br\/index.php?rest_route=\/wp\/v2\/types\/post"}],"author":[{"embeddable":true,"href":"https:\/\/diarioregionaldigital.com.br\/index.php?rest_route=\/wp\/v2\/users\/96"}],"replies":[{"embeddable":true,"href":"https:\/\/diarioregionaldigital.com.br\/index.php?rest_route=%2Fwp%2Fv2%2Fcomments&post=132046"}],"version-history":[{"count":0,"href":"https:\/\/diarioregionaldigital.com.br\/index.php?rest_route=\/wp\/v2\/posts\/132046\/revisions"}],"wp:attachment":[{"href":"https:\/\/diarioregionaldigital.com.br\/index.php?rest_route=%2Fwp%2Fv2%2Fmedia&parent=132046"}],"wp:term":[{"taxonomy":"category","embeddable":true,"href":"https:\/\/diarioregionaldigital.com.br\/index.php?rest_route=%2Fwp%2Fv2%2Fcategories&post=132046"},{"taxonomy":"post_tag","embeddable":true,"href":"https:\/\/diarioregionaldigital.com.br\/index.php?rest_route=%2Fwp%2Fv2%2Ftags&post=132046"}],"curies":[{"name":"wp","href":"https:\/\/api.w.org\/{rel}","templated":true}]}}