{"id":132035,"date":"2019-01-28T09:10:11","date_gmt":"2019-01-28T11:10:11","guid":{"rendered":"https:\/\/diarioregionaldigital.com.br\/?p=132035"},"modified":"2019-01-28T11:21:12","modified_gmt":"2019-01-28T13:21:12","slug":"camara-de-juiz-de-fora-arrecada-doacoes-para-as-vitimas-de-brumadinho","status":"publish","type":"post","link":"https:\/\/diarioregionaldigital.com.br\/?p=132035","title":{"rendered":"C\u00e2mara de Juiz de Fora arrecada doa\u00e7\u00f5es para as v\u00edtimas de Brumadinho"},"content":{"rendered":"<p>A C\u00e2mara de Juiz de Fora est\u00e1 solid\u00e1ria com a trag\u00e9dia que ocorreu nessa sexta-feira, 25, em Brumadinho.<\/p>\n<p>Para ajudar, a partir desta segunda-feira, 28, de 8h \u00e0s 18h, a sede do Legislativo estar\u00e1 reservada para receber doa\u00e7\u00f5es que ser\u00e3o levadas at\u00e9 a cidade nas pr\u00f3ximas semanas.<\/p>\n<p>Podem ser doados alimentos n\u00e3o perec\u00edveis, \u00e1gua mineral, roupas de cama e colch\u00f5es.<\/p>\n<h3>Trag\u00e9dia<\/h3>\n<p>Uma barragem de conten\u00e7\u00e3o de res\u00edduos da mineradora\u00a0<strong><a href=\"https:\/\/exame.abril.com.br\/noticias-sobre\/vale\/\">Vale<\/a><\/strong>\u00a0se rompeu nessa sexta-feira, 25, na regi\u00e3o de Brumadinho, a 60 km de Belo Horizonte.<\/p>\n<p>De acordo com o Corpo de Bombeiros, pelo menos 60 pessoas morreram ap\u00f3s o rompimento da barragem I do C\u00f3rrego do Feij\u00e3o. At\u00e9 agora, 19 corpos j\u00e1 foram identificados. Ainda h\u00e1 292 pessoas desaparecidas e 382 foram localizadas.<\/p>\n","protected":false},"excerpt":{"rendered":"<p>A C\u00e2mara de Juiz de Fora est\u00e1 solid\u00e1ria com a trag\u00e9dia que ocorreu nessa sexta-feira, 25, em Brumadinho. Para ajudar, a partir desta segunda-feira, 28, de 8h \u00e0s 18h, a sede do Legislativo estar\u00e1 reservada para receber doa\u00e7\u00f5es que ser\u00e3o levadas at\u00e9 a cidade nas pr\u00f3ximas semanas. Podem ser doados alimentos n\u00e3o perec\u00edveis, \u00e1gua mineral, [&hellip;]<\/p>\n","protected":false},"author":96,"featured_media":0,"comment_status":"closed","ping_status":"closed","sticky":false,"template":"","format":"standard","meta":{"footnotes":""},"categories":[253,436,440,439],"tags":[],"class_list":["post-132035","post","type-post","status-publish","format-standard","hentry","category-cidade","category-destaque-da-semana","category-destaques-do-dia","category-ultima-hora"],"_links":{"self":[{"href":"https:\/\/diarioregionaldigital.com.br\/index.php?rest_route=\/wp\/v2\/posts\/132035","targetHints":{"allow":["GET"]}}],"collection":[{"href":"https:\/\/diarioregionaldigital.com.br\/index.php?rest_route=\/wp\/v2\/posts"}],"about":[{"href":"https:\/\/diarioregionaldigital.com.br\/index.php?rest_route=\/wp\/v2\/types\/post"}],"author":[{"embeddable":true,"href":"https:\/\/diarioregionaldigital.com.br\/index.php?rest_route=\/wp\/v2\/users\/96"}],"replies":[{"embeddable":true,"href":"https:\/\/diarioregionaldigital.com.br\/index.php?rest_route=%2Fwp%2Fv2%2Fcomments&post=132035"}],"version-history":[{"count":0,"href":"https:\/\/diarioregionaldigital.com.br\/index.php?rest_route=\/wp\/v2\/posts\/132035\/revisions"}],"wp:attachment":[{"href":"https:\/\/diarioregionaldigital.com.br\/index.php?rest_route=%2Fwp%2Fv2%2Fmedia&parent=132035"}],"wp:term":[{"taxonomy":"category","embeddable":true,"href":"https:\/\/diarioregionaldigital.com.br\/index.php?rest_route=%2Fwp%2Fv2%2Fcategories&post=132035"},{"taxonomy":"post_tag","embeddable":true,"href":"https:\/\/diarioregionaldigital.com.br\/index.php?rest_route=%2Fwp%2Fv2%2Ftags&post=132035"}],"curies":[{"name":"wp","href":"https:\/\/api.w.org\/{rel}","templated":true}]}}