{"id":132031,"date":"2019-01-26T08:49:16","date_gmt":"2019-01-26T10:49:16","guid":{"rendered":"https:\/\/diarioregionaldigital.com.br\/?p=132031"},"modified":"2019-01-26T10:37:12","modified_gmt":"2019-01-26T12:37:12","slug":"chega-a-nove-numero-de-mortos-pelo-rompimento-de-barragem-em-minas","status":"publish","type":"post","link":"https:\/\/diarioregionaldigital.com.br\/?p=132031","title":{"rendered":"Chega a nove n\u00famero de mortos pelo rompimento de barragem em Minas"},"content":{"rendered":"<p>O Corpo de Bombeiros Militar de Minas Gerais registrou, at\u00e9 o in\u00edcio da madrugada deste s\u00e1bado, 26, nove mortes em decorr\u00eancia do rompimento de uma barragem de rejeitos da mineradora Vale, no munic\u00edpio de Brumadinho. O \u00faltimo balan\u00e7o da corpora\u00e7\u00e3o informa ainda o resgate de nove pessoas retiradas com vida da lama de rejeitos e de cerca de 100 pessoas que estavam ilhadas.<\/p>\n<p>A mineradora divulgou, na manh\u00e3 de hoje, uma <a href=\"http:\/\/www.vale.com\/brasil\/PT\/aboutvale\/servicos-para-comunidade\/minas-gerais\/Pessoas_desaparecidas\/Paginas\/default.aspx\" target=\"_blank\" rel=\"noopener\">lista<\/a> com o nome das pessoas que n\u00e3o fizeram contato desde o rompimento da barragem. Mais de 400 pessoas, entre funcion\u00e1rios do quadro e terceirizados, integram o levantamento da mineradora.<\/p>\n<p>De acordo com a empresa, a lista est\u00e1 sendo atualizada constantemente, conforme as pessoas s\u00e3o localizadas. \u201cSe o seu nome est\u00e1 na lista, favor entrar em contato com a nossa ouvidoria para comunicar\u201d, pediu a mineradora em comunicado. O telefone para atendimento \u00e9 o 0800 821 500.<\/p>\n<p><em>Fonte: Ag\u00eancia Brasil<\/em><\/p>\n","protected":false},"excerpt":{"rendered":"<p>O Corpo de Bombeiros Militar de Minas Gerais registrou, at\u00e9 o in\u00edcio da madrugada deste s\u00e1bado, 26, nove mortes em decorr\u00eancia do rompimento de uma barragem de rejeitos da mineradora Vale, no munic\u00edpio de Brumadinho. O \u00faltimo balan\u00e7o da corpora\u00e7\u00e3o informa ainda o resgate de nove pessoas retiradas com vida da lama de rejeitos e [&hellip;]<\/p>\n","protected":false},"author":96,"featured_media":0,"comment_status":"closed","ping_status":"closed","sticky":false,"template":"","format":"standard","meta":{"footnotes":""},"categories":[302,436,440,439],"tags":[],"class_list":["post-132031","post","type-post","status-publish","format-standard","hentry","category-brasil-mundo","category-destaque-da-semana","category-destaques-do-dia","category-ultima-hora"],"_links":{"self":[{"href":"https:\/\/diarioregionaldigital.com.br\/index.php?rest_route=\/wp\/v2\/posts\/132031","targetHints":{"allow":["GET"]}}],"collection":[{"href":"https:\/\/diarioregionaldigital.com.br\/index.php?rest_route=\/wp\/v2\/posts"}],"about":[{"href":"https:\/\/diarioregionaldigital.com.br\/index.php?rest_route=\/wp\/v2\/types\/post"}],"author":[{"embeddable":true,"href":"https:\/\/diarioregionaldigital.com.br\/index.php?rest_route=\/wp\/v2\/users\/96"}],"replies":[{"embeddable":true,"href":"https:\/\/diarioregionaldigital.com.br\/index.php?rest_route=%2Fwp%2Fv2%2Fcomments&post=132031"}],"version-history":[{"count":0,"href":"https:\/\/diarioregionaldigital.com.br\/index.php?rest_route=\/wp\/v2\/posts\/132031\/revisions"}],"wp:attachment":[{"href":"https:\/\/diarioregionaldigital.com.br\/index.php?rest_route=%2Fwp%2Fv2%2Fmedia&parent=132031"}],"wp:term":[{"taxonomy":"category","embeddable":true,"href":"https:\/\/diarioregionaldigital.com.br\/index.php?rest_route=%2Fwp%2Fv2%2Fcategories&post=132031"},{"taxonomy":"post_tag","embeddable":true,"href":"https:\/\/diarioregionaldigital.com.br\/index.php?rest_route=%2Fwp%2Fv2%2Ftags&post=132031"}],"curies":[{"name":"wp","href":"https:\/\/api.w.org\/{rel}","templated":true}]}}