{"id":131982,"date":"2019-01-27T06:00:38","date_gmt":"2019-01-27T08:00:38","guid":{"rendered":"https:\/\/diarioregionaldigital.com.br\/?p=131982"},"modified":"2019-01-28T08:21:08","modified_gmt":"2019-01-28T10:21:08","slug":"coral-e-orquestra-sinfonica-do-pro-musica-ufjf-abrem-edital-para-selecao-de-novos-integrantes","status":"publish","type":"post","link":"https:\/\/diarioregionaldigital.com.br\/?p=131982","title":{"rendered":"Coral e Orquestra Sinf\u00f4nica do Pr\u00f3-M\u00fasica\/UFJF abrem edital para sele\u00e7\u00e3o de novos integrantes"},"content":{"rendered":"<p>O Centro Cultural Pr\u00f3-M\u00fasica\/UFJF est\u00e1 com dois editais abertos para sele\u00e7\u00e3o de integrantes para o Coral e a Orquestra Sinf\u00f4nica da Institui\u00e7\u00e3o. As inscri\u00e7\u00f5es para ambos os grupos est\u00e3o abertas at\u00e9 7 de fevereiro e poder\u00e3o ser feitas pelo telefone 3218-0336 ou pelo email (producao.promusica@ufjf.edu.br). Os candidatos devem informar: nome completo; telefone; email; naipe ou instrumento. Os candidatos que n\u00e3o sabem seu naipe tamb\u00e9m poder\u00e3o se inscrever.<\/p>\n<p>Para o Coral Pr\u00f3-M\u00fasica est\u00e3o dispon\u00edveis 21 vagas, sendo 8 para Tenor, 6 para Baixo, 2 para Contralto e 5 para Soprano. Bar\u00edtonos e Mezzosopranos ser\u00e3o alocados entre os naipes informados, de acordo com sua tessitura vocal e a crit\u00e9rio do regente.<\/p>\n<p>A sele\u00e7\u00e3o para o coral acontece no dia 8 de fevereiro, a partir das 18h30, no Teatro Pr\u00f3-M\u00fasica\/UFJF, na Avenida Rio Branco, 2329. Os candidatos devem executar vocalises e cantar uma m\u00fasica popular ou erudita de livre escolha.<\/p>\n<p>Para a Orquestra Sinf\u00f4nica Pr\u00f3-M\u00fasica ser\u00e3o 68 vagas ao todo. Ser\u00e3o avaliados os seguintes instrumentos: flauta transversa (2 vagas); obo\u00e9 (4); clarineta (3); fagote (4); trompa (4); trompete (2); trombone (4); tuba (2), violino (16); viola (12); violoncelo (8); contrabaixo (4); percuss\u00e3o sinf\u00f4nica (3). Os interessados podem se inscrever para mais de um instrumento.<\/p>\n<p>A sele\u00e7\u00e3o da Orquestra ser\u00e1 no dia 9 de fevereiro, s\u00e1bado, \u00e0s 14h, no Centro Cultural Pr\u00f3-M\u00fasica\/UFJF, na Avenida Rio Branco, 2329. No exame, portando seu pr\u00f3prio instrumento, o candidato dever\u00e1 executar uma pe\u00e7a de sua livre escolha. A exce\u00e7\u00e3o para essa \u00faltima regra \u00e9 para os candidatos de t\u00edmpano, na modalidade percuss\u00e3o sinf\u00f4nica, cujo instrumento ser\u00e1 disponibilizado pela organiza\u00e7\u00e3o.<\/p>\n<p>\u00c9 importante ressaltar que os candidatos devem ter disponibilidade para os ensaios dos grupos e hor\u00e1rio flex\u00edvel para apresenta\u00e7\u00f5es. No caso do Coral Pr\u00f3-M\u00fasica, o ensaio das vozes masculinas acontece \u00e0s quintas-feiras, das 20h \u00e0s 21h30, e as sextas, das 18h \u00e0s 21h30. As vozes femininas ensaiam \u00e0s quintas-feiras, das 18h \u00e0s 20h, e \u00e0s sextas-feiras, \u00e0s 21h30. A Orquestra Sinf\u00f4nica Pr\u00f3-M\u00fasica ensaia aos s\u00e1bados, das 14h \u00e0s 18h.<\/p>\n<p>Servi\u00e7o<\/p>\n<p>Sele\u00e7\u00e3o Coral Pr\u00f3-M\u00fasica\/UFJF<\/p>\n<p>Inscri\u00e7\u00f5es:at\u00e9 7 de fevereiro (quinta-feira), das 9h \u00e0s 17h | atrav\u00e9s do telefone 3218-0336 ou pelo email producao.promusica@ufjf.edu.br<br \/>\nSele\u00e7\u00e3o: 8 de fevereiro (sexta-feira) | Hor\u00e1rio: \u00e0s 18h30<br \/>\nLocal: Centro Cultural Pr\u00f3-M\u00fasica\/UFJF- Av. Rio Branco, 2329, Centro, Juiz de Fora.<br \/>\nNaipes: Tenor, Baixo, Contralto e Soprano* *Bar\u00edtonos e Mezzosopranos ser\u00e3o alocados nos naipes acima referidos<br \/>\nResultado: 13 de fevereiro (quarta-feira)<\/p>\n<p>Sele\u00e7\u00e3o Orquestra Sinf\u00f4nica Pr\u00f3-M\u00fasica\/UFJF<br \/>\nInscri\u00e7\u00e3o: at\u00e9 7 de fevereiro (quinta-feira), das 9h \u00e0s 17h | atrav\u00e9s do telefone 3218-0336 ou pelo email producao.promusica@ufjf.edu.br<br \/>\nSele\u00e7\u00e3o: 9 de fevereiro (s\u00e1bado) | Hor\u00e1rio: \u00e0s 14h<br \/>\nLocal: Centro Cultural Pr\u00f3-M\u00fasica\/UFJF- Av. Rio Branco, 2329, Centro, Juiz de Fora.<br \/>\nInstrumentos: flauta transversa; obo\u00e9; clarineta; fagote; trompa; trompete; trombone; tuba; violino; viola; violoncelo; contrabaixo; percuss\u00e3o sinf\u00f4nica. Resultado: 13 de fevereiro (quarta-feira)<\/p>\n","protected":false},"excerpt":{"rendered":"<p>O Centro Cultural Pr\u00f3-M\u00fasica\/UFJF est\u00e1 com dois editais abertos para sele\u00e7\u00e3o de integrantes para o Coral e a Orquestra Sinf\u00f4nica da Institui\u00e7\u00e3o. As inscri\u00e7\u00f5es para ambos os grupos est\u00e3o abertas at\u00e9 7 de fevereiro e poder\u00e3o ser feitas pelo telefone 3218-0336 ou pelo email (producao.promusica@ufjf.edu.br). Os candidatos devem informar: nome completo; telefone; email; naipe ou [&hellip;]<\/p>\n","protected":false},"author":96,"featured_media":131985,"comment_status":"closed","ping_status":"closed","sticky":false,"template":"","format":"standard","meta":{"footnotes":""},"categories":[253,436,439],"tags":[],"class_list":["post-131982","post","type-post","status-publish","format-standard","has-post-thumbnail","hentry","category-cidade","category-destaque-da-semana","category-ultima-hora"],"_links":{"self":[{"href":"https:\/\/diarioregionaldigital.com.br\/index.php?rest_route=\/wp\/v2\/posts\/131982","targetHints":{"allow":["GET"]}}],"collection":[{"href":"https:\/\/diarioregionaldigital.com.br\/index.php?rest_route=\/wp\/v2\/posts"}],"about":[{"href":"https:\/\/diarioregionaldigital.com.br\/index.php?rest_route=\/wp\/v2\/types\/post"}],"author":[{"embeddable":true,"href":"https:\/\/diarioregionaldigital.com.br\/index.php?rest_route=\/wp\/v2\/users\/96"}],"replies":[{"embeddable":true,"href":"https:\/\/diarioregionaldigital.com.br\/index.php?rest_route=%2Fwp%2Fv2%2Fcomments&post=131982"}],"version-history":[{"count":0,"href":"https:\/\/diarioregionaldigital.com.br\/index.php?rest_route=\/wp\/v2\/posts\/131982\/revisions"}],"wp:featuredmedia":[{"embeddable":true,"href":"https:\/\/diarioregionaldigital.com.br\/index.php?rest_route=\/wp\/v2\/media\/131985"}],"wp:attachment":[{"href":"https:\/\/diarioregionaldigital.com.br\/index.php?rest_route=%2Fwp%2Fv2%2Fmedia&parent=131982"}],"wp:term":[{"taxonomy":"category","embeddable":true,"href":"https:\/\/diarioregionaldigital.com.br\/index.php?rest_route=%2Fwp%2Fv2%2Fcategories&post=131982"},{"taxonomy":"post_tag","embeddable":true,"href":"https:\/\/diarioregionaldigital.com.br\/index.php?rest_route=%2Fwp%2Fv2%2Ftags&post=131982"}],"curies":[{"name":"wp","href":"https:\/\/api.w.org\/{rel}","templated":true}]}}