{"id":131980,"date":"2019-01-27T06:00:23","date_gmt":"2019-01-27T08:00:23","guid":{"rendered":"https:\/\/diarioregionaldigital.com.br\/?p=131980"},"modified":"2019-01-25T14:52:13","modified_gmt":"2019-01-25T16:52:13","slug":"o-empoderamento-feminino-la-em-casa","status":"publish","type":"post","link":"https:\/\/diarioregionaldigital.com.br\/?p=131980","title":{"rendered":"O EMPODERAMENTO FEMININO L\u00c1 EM CASA"},"content":{"rendered":"<p>\u00c9 incr\u00edvel como a minha fam\u00edlia tem uma n\u00edtida predomin\u00e2ncia feminina, fato aparentemente inexplic\u00e1vel \u00e0 luz da ci\u00eancia. O meu irm\u00e3o mais velho (Sylvio) teve duas meninas (Eliane e Sheila). O outro irm\u00e3o, Odilon, ao qual muito devo em termos de minha educa\u00e7\u00e3o, teve tr\u00eas meninas (Paloma, a famosa atriz Clarice e Joice). O J\u00falio teve g\u00eameas (T\u00e2nia e M\u00e1rcia) e entrei nesse processo com um filho (Celso, reitor da Unicarioca) e duas meninas (Andr\u00e9ia, psic\u00f3loga, que trabalha comigo) e Sandra (psicanalista e excelente conferencista).<\/p>\n<p>Se voc\u00eas pensam que o nosso empoderamento feminino ficou s\u00f3 nisso est\u00e3o redondamente enganados. Depois veio a sucess\u00e3o de seis netas, todas mulheres: Giovanna, j\u00e1 casada; Dora, que trabalha na Globo (cinema); Gabriela, tamb\u00e9m da Globo (redatora do Casseta &amp; Planeta); Fernanda (terceiro ano de Medicina); Bruna, engenheira, bailarina e core\u00f3grafa; e Paula, que est\u00e1 concluindo o ensino m\u00e9dio, para depois estudar Direito, segundo sua pr\u00f3pria vontade.<\/p>\n<p>Voc\u00eas h\u00e3o de perguntar como s\u00e3o as nossas rela\u00e7\u00f5es e eu lhes respondo que s\u00e3o as mais amistosas poss\u00edveis. As duas \u00faltimas netas viajaram com os pais e, via internet, como conv\u00eam a essa gera\u00e7\u00e3o on-line, mandaram uma mensagem pra mim, dizendo que estavam com saudades e que eu era, para elas, \u201co av\u00f4 mais fofo do mundo\u201d. Querem coisa mais bonita?<\/p>\n<p>Converso sempre com a minha mulher Ruth (casamento de mais de 50 anos e amplamente feliz) sobre o que o destino nos reservou, em mat\u00e9ria de heran\u00e7a familiar. Seria injusto de nossa parte se reclam\u00e1ssemos a falta de algum neto, numa atitude que seria logo interpretada como de natureza machista. Estamos contentes, sem contar que, ao entrar na sublime condi\u00e7\u00e3o de bisav\u00f4, \u00e9 bem poss\u00edvel que se quebre essa hegemonia feminina, embora n\u00e3o haja torcida nesse sentido. Lembro uma frase muito comum entre os cronistas esportivos, que se pode aqui recordar: em time que est\u00e1 ganhando n\u00e3o se deve promover grandes modifica\u00e7\u00f5es. O que vier est\u00e1 bom e ser\u00e1 recebido com o carinho de sempre. Afinal, um av\u00f4 \u201cfofo\u201d n\u00e3o pode pensar de oura forma, voc\u00eas n\u00e3o acham?<\/p>\n<p>Nessa \u00e9poca de empoderamento feminino e sabendo-se que o Brasil tem uma popula\u00e7\u00e3o majorit\u00e1ria de mulheres (53%), o que acontece na nossa fam\u00edlia \u00e9 bem caracter\u00edstico e deve ser apreciado como fen\u00f4meno natural.<\/p>\n","protected":false},"excerpt":{"rendered":"<p>\u00c9 incr\u00edvel como a minha fam\u00edlia tem uma n\u00edtida predomin\u00e2ncia feminina, fato aparentemente inexplic\u00e1vel \u00e0 luz da ci\u00eancia. O meu irm\u00e3o mais velho (Sylvio) teve duas meninas (Eliane e Sheila). O outro irm\u00e3o, Odilon, ao qual muito devo em termos de minha educa\u00e7\u00e3o, teve tr\u00eas meninas (Paloma, a famosa atriz Clarice e Joice). O J\u00falio [&hellip;]<\/p>\n","protected":false},"author":96,"featured_media":96753,"comment_status":"closed","ping_status":"closed","sticky":false,"template":"","format":"standard","meta":{"footnotes":""},"categories":[275,435],"tags":[],"class_list":["post-131980","post","type-post","status-publish","format-standard","has-post-thumbnail","hentry","category-arnaldo-niskier","category-colunas"],"_links":{"self":[{"href":"https:\/\/diarioregionaldigital.com.br\/index.php?rest_route=\/wp\/v2\/posts\/131980","targetHints":{"allow":["GET"]}}],"collection":[{"href":"https:\/\/diarioregionaldigital.com.br\/index.php?rest_route=\/wp\/v2\/posts"}],"about":[{"href":"https:\/\/diarioregionaldigital.com.br\/index.php?rest_route=\/wp\/v2\/types\/post"}],"author":[{"embeddable":true,"href":"https:\/\/diarioregionaldigital.com.br\/index.php?rest_route=\/wp\/v2\/users\/96"}],"replies":[{"embeddable":true,"href":"https:\/\/diarioregionaldigital.com.br\/index.php?rest_route=%2Fwp%2Fv2%2Fcomments&post=131980"}],"version-history":[{"count":0,"href":"https:\/\/diarioregionaldigital.com.br\/index.php?rest_route=\/wp\/v2\/posts\/131980\/revisions"}],"wp:featuredmedia":[{"embeddable":true,"href":"https:\/\/diarioregionaldigital.com.br\/index.php?rest_route=\/wp\/v2\/media\/96753"}],"wp:attachment":[{"href":"https:\/\/diarioregionaldigital.com.br\/index.php?rest_route=%2Fwp%2Fv2%2Fmedia&parent=131980"}],"wp:term":[{"taxonomy":"category","embeddable":true,"href":"https:\/\/diarioregionaldigital.com.br\/index.php?rest_route=%2Fwp%2Fv2%2Fcategories&post=131980"},{"taxonomy":"post_tag","embeddable":true,"href":"https:\/\/diarioregionaldigital.com.br\/index.php?rest_route=%2Fwp%2Fv2%2Ftags&post=131980"}],"curies":[{"name":"wp","href":"https:\/\/api.w.org\/{rel}","templated":true}]}}