{"id":131938,"date":"2019-01-25T06:51:31","date_gmt":"2019-01-25T08:51:31","guid":{"rendered":"https:\/\/diarioregionaldigital.com.br\/?p=131938"},"modified":"2019-01-25T08:57:25","modified_gmt":"2019-01-25T10:57:25","slug":"camara-municipal-realiza-mais-de-21-mil-atendimentos-a-populacao-no-segundo-semestre-de-2018","status":"publish","type":"post","link":"https:\/\/diarioregionaldigital.com.br\/?p=131938","title":{"rendered":"C\u00e2mara Municipal realiza mais de 21 mil atendimentos \u00e0 popula\u00e7\u00e3o no segundo semestre de 2018"},"content":{"rendered":"<p><span style=\"font-weight: 400;\">O Centro de Aten\u00e7\u00e3o ao Cidad\u00e3o (CAC) da C\u00e2mara Municipal realizou mais de 21 mil atendimentos no segundo semestre de 2018, dentre eles est\u00e3o; emiss\u00e3o de carteira de identidade, certid\u00f5es de nascimento, casamento e \u00f3bito, al\u00e9m do Servi\u00e7o de Defesa do Consumidor.\u00a0<\/span><br style=\"font-weight: 400;\" \/><br style=\"font-weight: 400;\" \/><span style=\"font-weight: 400;\">A equipe conta com soci\u00f3logos, assistentes sociais e advogados que, de junho a dezembro, atenderam 711 pessoas, sendo que 413 receberam orienta\u00e7\u00e3o jur\u00eddica e 298 foram auxiliadas por assistentes sociais. J\u00e1 o Servi\u00e7o de Defesa do Consumidor (Sedecon) solucionou 69,47% dos casos atendidos. Neste per\u00edodo foram 2.551 processos, dos quais, 819 foram resolvidos e 775 seguem em andamento.\u00a0<\/span><br style=\"font-weight: 400;\" \/><br style=\"font-weight: 400;\" \/><span style=\"font-weight: 400;\">O CAC tamb\u00e9m realiza atendimentos por meio do Expresso Cidad\u00e3o &#8211; programa que possui um ve\u00edculo equipado e leva at\u00e9 a popula\u00e7\u00e3o dos bairros um servi\u00e7o especializado. Este programa foi acionado por tr\u00eas vezes e resultou na emiss\u00e3o de 58 documentos. J\u00e1 na C\u00e2mara 2.189 certid\u00f5es foram emitidas, enquanto o posto de identifica\u00e7\u00e3o contemplou 13.038 cidad\u00e3os com emiss\u00f5es de 1\u00aa e 2\u00aa via de identidades, al\u00e9m de retifica\u00e7\u00f5es de nomes e isen\u00e7\u00f5es.<\/span><br style=\"font-weight: 400;\" \/><br style=\"font-weight: 400;\" \/><span style=\"font-weight: 400;\">A C\u00e2mara fornece ainda, os servi\u00e7os de impress\u00e3o de atestado de antecedentes no site da Pol\u00edcia Civil de Minas Gerais; emiss\u00e3o de 2\u00aa via de Cadastro de Pessoas F\u00edsicas &#8211; CPF por meio do site da Receita Federal; emiss\u00e3o de situa\u00e7\u00e3o de regularidade no TSE no site do Tribunal Superior Eleitoral; e a elabora\u00e7\u00e3o de curr\u00edculos. Estes servi\u00e7os somaram 3.047 atendimentos.\u00a0<\/span><br style=\"font-weight: 400;\" \/><br style=\"font-weight: 400;\" \/><span style=\"font-weight: 400;\">J\u00e1 o programa Engenharia Popular, que auxilia na regulariza\u00e7\u00e3o de im\u00f3veis sem registro de propriedade, efetivou seis atendimentos e beneficiou 38 pessoas. O programa \u00e9 um conv\u00eanio entre a C\u00e2mara Municipal e as Faculdades Doctum, e atua fornecendo de forma gratuita aten\u00e7\u00e3o jur\u00eddica e servi\u00e7os de engenharia ligados \u00e0 medi\u00e7\u00e3o do im\u00f3vel e \u00e0 elabora\u00e7\u00e3o da respectiva planta e memorial descritivo. O servi\u00e7o \u00e9 destinado para aqueles que preenchem os requisitos exigidos pela lei para o reconhecimento de usucapi\u00e3o, al\u00e9m dos crit\u00e9rios de renda igual ou inferior a dois sal\u00e1rios m\u00ednimos e de im\u00f3vel \u00fanico.<\/span><\/p>\n<p><strong>Outros projetos\u00a0<\/strong><\/p>\n<p><span style=\"font-weight: 400;\">Com o intuito de promover a intera\u00e7\u00e3o entre a sociedade e o Poder Legislativo, a C\u00e2mara realiza visitas orientadas para apresentar o papel, a estrutura e o funcionamento da Casa, al\u00e9m dos aspectos hist\u00f3ricos e arquitet\u00f4nicos do Pal\u00e1cio Barbosa Lima e Anexo Ign\u00e1cio Halfeld. Em 2018 o projeto \u201cConhe\u00e7a a C\u00e2mara\u201d recebeu 22 visitas, estimulando a aproxima\u00e7\u00e3o de 498 visitantes com o trabalho desenvolvido pelos vereadores.\u00a0<\/span><br style=\"font-weight: 400;\" \/><br style=\"font-weight: 400;\" \/><span style=\"font-weight: 400;\">Outro programa \u201cDiversidade &#8211; Somos todos diferentes\u201d, que desenvolve palestras, oficinas, din\u00e2micas e debates para incentivar a reflex\u00e3o sobre a igualdade e a necessidade de acabar com o preconceito diante de grupos socialmente exclu\u00eddos, realizou 13 apresenta\u00e7\u00f5es nas escolas entre junho e dezembro, nos quais 589 estudantes foram contemplados.<\/span><br style=\"font-weight: 400;\" \/><br style=\"font-weight: 400;\" \/><span style=\"font-weight: 400;\">A C\u00e2mara S\u00eanior, composta por 20 representantes acima dos 60 anos e mais cinco institui\u00e7\u00f5es de Juiz de Fora, reuniu-se vinte e cinco vezes. O projeto \u00e9 uma iniciativa da Comiss\u00e3o Permanente de Defesa dos Direitos dos Idosos com o intuito de promover o envolvimento dos idosos com as discuss\u00f5es da C\u00e2mara, visto que os membros possuem autonomia para apresentar propostas ao Legislativo.\u00a0<\/span><br style=\"font-weight: 400;\" \/><br style=\"font-weight: 400;\" \/><span style=\"font-weight: 400;\">O CAC funciona no primeiro andar do pr\u00e9dio da C\u00e2mara, de segunda a quinta-feira, de 8h \u00e0s 18h, e na sexta-feira, de 8h \u00e0s 17h. As\u00a0<\/span><a style=\"font-weight: 400;\" href=\"http:\/\/www.camarajf.mg.gov.br\/faqs.php\"><span style=\"font-weight: 400;\">respostas para as d\u00favidas mais frequentes<\/span><\/a><span style=\"font-weight: 400;\">\u00a0sobre os servi\u00e7os prestados na C\u00e2mara est\u00e3o disponibilizadas na internet. As pessoas que tenham interesse em se inscrever nos projetos da C\u00e2mara, devem agendar\u00a0 por meio dos telefones: 3313-4934 \/ 4919 \/ 4904<\/span><\/p>\n<p><em>Fonte: Assessoria<\/em><\/p>\n","protected":false},"excerpt":{"rendered":"<p>O Centro de Aten\u00e7\u00e3o ao Cidad\u00e3o (CAC) da C\u00e2mara Municipal realizou mais de 21 mil atendimentos no segundo semestre de 2018, dentre eles est\u00e3o; emiss\u00e3o de carteira de identidade, certid\u00f5es de nascimento, casamento e \u00f3bito, al\u00e9m do Servi\u00e7o de Defesa do Consumidor.\u00a0A equipe conta com soci\u00f3logos, assistentes sociais e advogados que, de junho a dezembro, [&hellip;]<\/p>\n","protected":false},"author":96,"featured_media":0,"comment_status":"closed","ping_status":"closed","sticky":false,"template":"","format":"standard","meta":{"footnotes":""},"categories":[253,436,440,439],"tags":[],"class_list":["post-131938","post","type-post","status-publish","format-standard","hentry","category-cidade","category-destaque-da-semana","category-destaques-do-dia","category-ultima-hora"],"_links":{"self":[{"href":"https:\/\/diarioregionaldigital.com.br\/index.php?rest_route=\/wp\/v2\/posts\/131938","targetHints":{"allow":["GET"]}}],"collection":[{"href":"https:\/\/diarioregionaldigital.com.br\/index.php?rest_route=\/wp\/v2\/posts"}],"about":[{"href":"https:\/\/diarioregionaldigital.com.br\/index.php?rest_route=\/wp\/v2\/types\/post"}],"author":[{"embeddable":true,"href":"https:\/\/diarioregionaldigital.com.br\/index.php?rest_route=\/wp\/v2\/users\/96"}],"replies":[{"embeddable":true,"href":"https:\/\/diarioregionaldigital.com.br\/index.php?rest_route=%2Fwp%2Fv2%2Fcomments&post=131938"}],"version-history":[{"count":0,"href":"https:\/\/diarioregionaldigital.com.br\/index.php?rest_route=\/wp\/v2\/posts\/131938\/revisions"}],"wp:attachment":[{"href":"https:\/\/diarioregionaldigital.com.br\/index.php?rest_route=%2Fwp%2Fv2%2Fmedia&parent=131938"}],"wp:term":[{"taxonomy":"category","embeddable":true,"href":"https:\/\/diarioregionaldigital.com.br\/index.php?rest_route=%2Fwp%2Fv2%2Fcategories&post=131938"},{"taxonomy":"post_tag","embeddable":true,"href":"https:\/\/diarioregionaldigital.com.br\/index.php?rest_route=%2Fwp%2Fv2%2Ftags&post=131938"}],"curies":[{"name":"wp","href":"https:\/\/api.w.org\/{rel}","templated":true}]}}