{"id":131932,"date":"2019-01-25T08:45:49","date_gmt":"2019-01-25T10:45:49","guid":{"rendered":"https:\/\/diarioregionaldigital.com.br\/?p=131932"},"modified":"2019-01-25T15:00:34","modified_gmt":"2019-01-25T17:00:34","slug":"mec-prorroga-inscricoes-do-sisu-para-dia-27","status":"publish","type":"post","link":"https:\/\/diarioregionaldigital.com.br\/?p=131932","title":{"rendered":"MEC prorroga inscri\u00e7\u00f5es do Sisu para dia 27"},"content":{"rendered":"<p>O Minist\u00e9rio da Educa\u00e7\u00e3o (MEC) prorrogou as inscri\u00e7\u00f5es do Sistema de Sele\u00e7\u00e3o Unificada (Sisu) at\u00e9 as 23h59, no hor\u00e1rio de Bras\u00edlia, de domingo, 27. As inscri\u00e7\u00f5es se encerrariam nesta sexta-feira, 25.<\/p>\n<p>Desde o primeiro dia de inscri\u00e7\u00e3o, estudantes relatam dificuldade de acessar o\u00a0<em>site\u00a0<\/em>e problemas na hora de fazer a inscri\u00e7\u00e3o.<\/p>\n<p>&#8220;O sistema est\u00e1 funcionando de forma est\u00e1vel nesta quinta-feira, 24, e a lentid\u00e3o eventualmente registrada resulta do volume massivo de acessos simult\u00e2neos. O MEC continua realizando todos os procedimentos t\u00e9cnicos para que o sistema continue est\u00e1vel&#8221;, diz a pasta em nota.<\/p>\n<p>Nesta quarta-feira, 23, a p\u00e1gina chegou a registrar 500 mil acessos simult\u00e2neos. O n\u00famero superou o m\u00e1ximo de acessos ao mesmo tempo no primeiro dia, que foi 350 mil.<\/p>\n<p>Ao todo, o Sisu oferece, nesta edi\u00e7\u00e3o, 235.461 vagas em 129 institui\u00e7\u00f5es p\u00fablicas de todo o pa\u00eds. Podem concorrer \u00e0s vagas os estudantes que fizeram o Enem 2018 e obtiveram nota acima de zero na prova de reda\u00e7\u00e3o. Segundo o MEC, 3,5 milh\u00f5es de estudantes preenchem os requisitos e podem concorrer a essas vagas.<\/p>\n<h2>Redirecionamento<\/h2>\n<p>Estudantes relataram tamb\u00e9m nas redes sociais que conseguiram acessar perfis que n\u00e3o s\u00e3o os deles. Monique Rosa, 22 anos, estudante de S\u00e3o Bernardo do Campo (SP), que pretende cursar cinema, contou que acessou o site, usando login e senha, para trocar a segunda op\u00e7\u00e3o de curso e foi direcionada para a p\u00e1gina de outra candidata. \u201cTive que deslogar da p\u00e1gina dela e logar novamente na minha\u201d, acrescentou, destacando que s\u00f3 conseguiu fazer a troca na madrugada de quarta, 23, ap\u00f3s v\u00e1rias tentativas.<\/p>\n<p>Tharcio Marques, de 21 anos, passou pela mesma situa\u00e7\u00e3o de redirecionamento e ainda n\u00e3o conseguiu concluir a inscri\u00e7\u00e3o. &#8220;O site entrou em manuten\u00e7\u00e3o e hoje pela manh\u00e3 voltou com meus dados. Ainda n\u00e3o consegui colocar a segunda op\u00e7\u00e3o, pois a p\u00e1gina cai\u201d.<\/p>\n<p>Procurado pela reportagem, o MEC solicitou os dados dos estudantes para apurar os ocorridos. A reportagem aguarda manifesta\u00e7\u00e3o do minist\u00e9rio.<\/p>\n<h2>Notas de corte<\/h2>\n<p>O MEC tamb\u00e9m decidiu rever as divulga\u00e7\u00f5es de nota de corte. A partir de hoje, as notas ser\u00e3o divulgadas apenas \u00e0 meia-noite, como era feito nos \u00faltimos anos. Nesta edi\u00e7\u00e3o, a pasta come\u00e7ou a divulgar as notas\u00a0cinco vezes por dia.<\/p>\n<p>&#8220;A medida foi adotada para n\u00e3o prejudicar os estudantes que ainda n\u00e3o realizaram sua inscri\u00e7\u00e3o e melhorar o acesso devido ao alto tr\u00e1fego existente&#8221;, informou.<\/p>\n<p>O resultado da sele\u00e7\u00e3o est\u00e1 mantido para segunda-feira, 28, conforme calend\u00e1rio divulgado anteriormente.<\/p>\n","protected":false},"excerpt":{"rendered":"<p>O Minist\u00e9rio da Educa\u00e7\u00e3o (MEC) prorrogou as inscri\u00e7\u00f5es do Sistema de Sele\u00e7\u00e3o Unificada (Sisu) at\u00e9 as 23h59, no hor\u00e1rio de Bras\u00edlia, de domingo, 27. As inscri\u00e7\u00f5es se encerrariam nesta sexta-feira, 25. Desde o primeiro dia de inscri\u00e7\u00e3o, estudantes relatam dificuldade de acessar o\u00a0site\u00a0e problemas na hora de fazer a inscri\u00e7\u00e3o. &#8220;O sistema est\u00e1 funcionando de [&hellip;]<\/p>\n","protected":false},"author":96,"featured_media":0,"comment_status":"closed","ping_status":"closed","sticky":false,"template":"","format":"standard","meta":{"footnotes":""},"categories":[302,436,440,439],"tags":[],"class_list":["post-131932","post","type-post","status-publish","format-standard","hentry","category-brasil-mundo","category-destaque-da-semana","category-destaques-do-dia","category-ultima-hora"],"_links":{"self":[{"href":"https:\/\/diarioregionaldigital.com.br\/index.php?rest_route=\/wp\/v2\/posts\/131932","targetHints":{"allow":["GET"]}}],"collection":[{"href":"https:\/\/diarioregionaldigital.com.br\/index.php?rest_route=\/wp\/v2\/posts"}],"about":[{"href":"https:\/\/diarioregionaldigital.com.br\/index.php?rest_route=\/wp\/v2\/types\/post"}],"author":[{"embeddable":true,"href":"https:\/\/diarioregionaldigital.com.br\/index.php?rest_route=\/wp\/v2\/users\/96"}],"replies":[{"embeddable":true,"href":"https:\/\/diarioregionaldigital.com.br\/index.php?rest_route=%2Fwp%2Fv2%2Fcomments&post=131932"}],"version-history":[{"count":0,"href":"https:\/\/diarioregionaldigital.com.br\/index.php?rest_route=\/wp\/v2\/posts\/131932\/revisions"}],"wp:attachment":[{"href":"https:\/\/diarioregionaldigital.com.br\/index.php?rest_route=%2Fwp%2Fv2%2Fmedia&parent=131932"}],"wp:term":[{"taxonomy":"category","embeddable":true,"href":"https:\/\/diarioregionaldigital.com.br\/index.php?rest_route=%2Fwp%2Fv2%2Fcategories&post=131932"},{"taxonomy":"post_tag","embeddable":true,"href":"https:\/\/diarioregionaldigital.com.br\/index.php?rest_route=%2Fwp%2Fv2%2Ftags&post=131932"}],"curies":[{"name":"wp","href":"https:\/\/api.w.org\/{rel}","templated":true}]}}