{"id":131931,"date":"2019-01-25T09:09:33","date_gmt":"2019-01-25T11:09:33","guid":{"rendered":"https:\/\/diarioregionaldigital.com.br\/?p=131931"},"modified":"2019-01-25T09:23:57","modified_gmt":"2019-01-25T11:23:57","slug":"homem-e-preso-por-ameaca-e-posse-ilegal-de-arma-de-fogo","status":"publish","type":"post","link":"https:\/\/diarioregionaldigital.com.br\/?p=131931","title":{"rendered":"Homem \u00e9 preso por amea\u00e7a e posse ilegal de arma de fogo"},"content":{"rendered":"<p>&nbsp;<\/p>\n<p>Nessa quinta-feira, 24, por volta da 21h27, a Pol\u00edcia Militar efetuou a pris\u00e3o em flagrante de um homem de 47 anos, por amea\u00e7a e posse ilegal de fogo. O caso aconteceu na rua Br\u00e1z Bernardino, Centro de Juiz de Fora.<\/p>\n<p>De acordo com o Boletim de Ocorr\u00eancia (BO), a guarni\u00e7\u00e3o foi acionada por vizinhos. De acordo com ele, a esposa do homem estaria trancada no interior da resid\u00eancia.<\/p>\n<p>Segundo informa\u00e7\u00f5es, o casal estaria tendo v\u00e1rios atritos dentro do apartamento. Em determinado momento da conversa, o solicitante informou que o suspeito possu\u00eda arma de fogo em sua resid\u00eancia. Ainda de acordo com ele, a esposa teve que esconder o objetivo, pois teria muito medo que o autor pudesse utiliz\u00e1-la.<\/p>\n<p>Os policiais fizeram a apreens\u00e3o do rev\u00f3lver calibre 38, junto com 28 muni\u00e7\u00f5es. O autor foi preso e conduzido juntamente com os objetos encontrados.<\/p>\n","protected":false},"excerpt":{"rendered":"<p>&nbsp; Nessa quinta-feira, 24, por volta da 21h27, a Pol\u00edcia Militar efetuou a pris\u00e3o em flagrante de um homem de 47 anos, por amea\u00e7a e posse ilegal de fogo. O caso aconteceu na rua Br\u00e1z Bernardino, Centro de Juiz de Fora. De acordo com o Boletim de Ocorr\u00eancia (BO), a guarni\u00e7\u00e3o foi acionada por vizinhos. [&hellip;]<\/p>\n","protected":false},"author":96,"featured_media":97342,"comment_status":"closed","ping_status":"closed","sticky":false,"template":"","format":"standard","meta":{"footnotes":""},"categories":[301,436],"tags":[],"class_list":["post-131931","post","type-post","status-publish","format-standard","has-post-thumbnail","hentry","category-artigos-policiais","category-destaque-da-semana"],"_links":{"self":[{"href":"https:\/\/diarioregionaldigital.com.br\/index.php?rest_route=\/wp\/v2\/posts\/131931","targetHints":{"allow":["GET"]}}],"collection":[{"href":"https:\/\/diarioregionaldigital.com.br\/index.php?rest_route=\/wp\/v2\/posts"}],"about":[{"href":"https:\/\/diarioregionaldigital.com.br\/index.php?rest_route=\/wp\/v2\/types\/post"}],"author":[{"embeddable":true,"href":"https:\/\/diarioregionaldigital.com.br\/index.php?rest_route=\/wp\/v2\/users\/96"}],"replies":[{"embeddable":true,"href":"https:\/\/diarioregionaldigital.com.br\/index.php?rest_route=%2Fwp%2Fv2%2Fcomments&post=131931"}],"version-history":[{"count":0,"href":"https:\/\/diarioregionaldigital.com.br\/index.php?rest_route=\/wp\/v2\/posts\/131931\/revisions"}],"wp:featuredmedia":[{"embeddable":true,"href":"https:\/\/diarioregionaldigital.com.br\/index.php?rest_route=\/wp\/v2\/media\/97342"}],"wp:attachment":[{"href":"https:\/\/diarioregionaldigital.com.br\/index.php?rest_route=%2Fwp%2Fv2%2Fmedia&parent=131931"}],"wp:term":[{"taxonomy":"category","embeddable":true,"href":"https:\/\/diarioregionaldigital.com.br\/index.php?rest_route=%2Fwp%2Fv2%2Fcategories&post=131931"},{"taxonomy":"post_tag","embeddable":true,"href":"https:\/\/diarioregionaldigital.com.br\/index.php?rest_route=%2Fwp%2Fv2%2Ftags&post=131931"}],"curies":[{"name":"wp","href":"https:\/\/api.w.org\/{rel}","templated":true}]}}