{"id":131868,"date":"2019-01-27T06:00:15","date_gmt":"2019-01-27T08:00:15","guid":{"rendered":"https:\/\/diarioregionaldigital.com.br\/?p=131868"},"modified":"2019-01-24T12:25:52","modified_gmt":"2019-01-24T14:25:52","slug":"formula-para-calculo-do-valor-da-aposentadoria-por-tempo-de-contribuicao-e-atualizado","status":"publish","type":"post","link":"https:\/\/diarioregionaldigital.com.br\/?p=131868","title":{"rendered":"F\u00f3rmula para c\u00e1lculo do valor da aposentadoria por tempo de contribui\u00e7\u00e3o \u00e9 atualizado"},"content":{"rendered":"<p>Desde 31 de dezembro, a soma dos pontos para o c\u00e1lculo do valor da\u00a0<a href=\"https:\/\/www.inss.gov.br\/beneficios\/aposentadoria-por-tempo-de-contribuicao\/\">Aposentadoria por Tempo de Contribui\u00e7\u00e3o<\/a>\u00a0(idade + tempo de contribui\u00e7\u00e3o) foi atualizada. Para a realiza\u00e7\u00e3o do c\u00e1lculo do valor do benef\u00edcio, tamb\u00e9m conhecida como \u201caposentadoria por tempo de servi\u00e7o\u201d, o cidad\u00e3o pode optar por uma das tr\u00eas regras existentes. E uma delas \u00e9 a chamada Regra 85\/95 progressiva que, agora, passou a ser 86\/96.<\/p>\n<p>Esses n\u00fameros representam a quantidade de pontos que ser\u00e3o utilizados para o c\u00e1lculo do benef\u00edcio: soma da idade e do tempo de contribui\u00e7\u00e3o para mulheres (86) e homens (96).<\/p>\n<p>A atualiza\u00e7\u00e3o dessa f\u00f3rmula ocorreu, pois ela \u00e9 progressiva at\u00e9 o ano de 2026, j\u00e1 que, a cada dois anos, ser\u00e1 acrescido um ponto, at\u00e9 a soma de 90 pontos para mulheres e 100 pontos para homens.<\/p>\n<p>O tempo m\u00ednimo de contribui\u00e7\u00e3o continua o mesmo: no m\u00ednimo 35 anos para os homens e 30 para as mulheres. De acordo com essa regra, n\u00e3o h\u00e1 incid\u00eancia do fator previdenci\u00e1rio\u00a0(f\u00f3rmula criada em 1999, que pode reduzir ou aumentar o valor do benef\u00edcio). Mas pra isso, \u00e9 preciso que se atinja a pontua\u00e7\u00e3o, que agora \u00e9 86\/96.<\/p>\n<p>Vale mencionar que para ter direito \u00e0 aposentadoria por tempo de contribui\u00e7\u00e3o n\u00e3o h\u00e1 idade m\u00ednima, mas sim, per\u00edodo m\u00ednimo de contribui\u00e7\u00f5es. Al\u00e9m disso, h\u00e1 outras duas regras existentes para o c\u00e1lculo do valor para esse tipo de aposentadoria. Em uma delas a incid\u00eancia do fator previdenci\u00e1rio \u00e9 obrigat\u00f3ria. E outra s\u00f3 vale para aqueles segurados que atingiram o direito at\u00e9 16\/13\/1998, data em que a chamada aposentadoria proporcional deixou de existir.<\/p>\n<p>Saiba mais sobre as condi\u00e7\u00f5es e formas de calcular o valor da\u00a0<a href=\"https:\/\/www.inss.gov.br\/beneficios\/aposentadoria-por-tempo-de-contribuicao\/\">Aposentadoria por Tempo de Contribui\u00e7\u00e3o<\/a>\u00a0aqui na p\u00e1gina do INSS.<\/p>\n<h3><strong>Sem pressa<\/strong><\/h3>\n<p>N\u00e3o \u00e9 preciso correr: para aqueles que atingiram a pontua\u00e7\u00e3o de 85 pontos (mulher) e 95 pontos (homem) at\u00e9 o dia 30\/12\/2018, o direito \u00e9 adquirido e pode ser exercido a qualquer tempo. Ou seja, n\u00e3o muda nada.<\/p>\n<p>Para agendamentos e consultas, use o Meu INSS, site (inss.gov.br) e aplicativo para celulares.<\/p>\n<p>&nbsp;<\/p>\n","protected":false},"excerpt":{"rendered":"<p>Desde 31 de dezembro, a soma dos pontos para o c\u00e1lculo do valor da\u00a0Aposentadoria por Tempo de Contribui\u00e7\u00e3o\u00a0(idade + tempo de contribui\u00e7\u00e3o) foi atualizada. Para a realiza\u00e7\u00e3o do c\u00e1lculo do valor do benef\u00edcio, tamb\u00e9m conhecida como \u201caposentadoria por tempo de servi\u00e7o\u201d, o cidad\u00e3o pode optar por uma das tr\u00eas regras existentes. E uma delas \u00e9 [&hellip;]<\/p>\n","protected":false},"author":96,"featured_media":105072,"comment_status":"closed","ping_status":"closed","sticky":false,"template":"","format":"standard","meta":{"footnotes":""},"categories":[261,439],"tags":[],"class_list":["post-131868","post","type-post","status-publish","format-standard","has-post-thumbnail","hentry","category-economia","category-ultima-hora"],"_links":{"self":[{"href":"https:\/\/diarioregionaldigital.com.br\/index.php?rest_route=\/wp\/v2\/posts\/131868","targetHints":{"allow":["GET"]}}],"collection":[{"href":"https:\/\/diarioregionaldigital.com.br\/index.php?rest_route=\/wp\/v2\/posts"}],"about":[{"href":"https:\/\/diarioregionaldigital.com.br\/index.php?rest_route=\/wp\/v2\/types\/post"}],"author":[{"embeddable":true,"href":"https:\/\/diarioregionaldigital.com.br\/index.php?rest_route=\/wp\/v2\/users\/96"}],"replies":[{"embeddable":true,"href":"https:\/\/diarioregionaldigital.com.br\/index.php?rest_route=%2Fwp%2Fv2%2Fcomments&post=131868"}],"version-history":[{"count":0,"href":"https:\/\/diarioregionaldigital.com.br\/index.php?rest_route=\/wp\/v2\/posts\/131868\/revisions"}],"wp:featuredmedia":[{"embeddable":true,"href":"https:\/\/diarioregionaldigital.com.br\/index.php?rest_route=\/wp\/v2\/media\/105072"}],"wp:attachment":[{"href":"https:\/\/diarioregionaldigital.com.br\/index.php?rest_route=%2Fwp%2Fv2%2Fmedia&parent=131868"}],"wp:term":[{"taxonomy":"category","embeddable":true,"href":"https:\/\/diarioregionaldigital.com.br\/index.php?rest_route=%2Fwp%2Fv2%2Fcategories&post=131868"},{"taxonomy":"post_tag","embeddable":true,"href":"https:\/\/diarioregionaldigital.com.br\/index.php?rest_route=%2Fwp%2Fv2%2Ftags&post=131868"}],"curies":[{"name":"wp","href":"https:\/\/api.w.org\/{rel}","templated":true}]}}