{"id":131865,"date":"2019-01-27T06:00:43","date_gmt":"2019-01-27T08:00:43","guid":{"rendered":"https:\/\/diarioregionaldigital.com.br\/?p=131865"},"modified":"2019-01-24T12:35:01","modified_gmt":"2019-01-24T14:35:01","slug":"inss-esclarece-sobre-boato-no-prazo-da-prova-de-vida","status":"publish","type":"post","link":"https:\/\/diarioregionaldigital.com.br\/?p=131865","title":{"rendered":"INSS esclarece sobre boato no prazo da Prova de Vida"},"content":{"rendered":"<p>Diferentemente do boato compartilhado em redes sociais desde a \u00faltima segunda-feira, 21, a Secretaria Especial de Previd\u00eancia e Trabalho e o Instituto Nacional do Seguro Social (INSS) informam que n\u00e3o houve altera\u00e7\u00e3o nas regras da chamada prova de vida.<\/p>\n<p>A prova de vida \u00e9 obrigat\u00f3ria para todos os benefici\u00e1rios do INSS que recebem por conta corrente, conta poupan\u00e7a ou cart\u00e3o magn\u00e9tico. Para fazer a prova de vida, isto \u00e9, para comprovar que est\u00e3o vivos, os segurados do INSS devem comparecer anualmente a uma ag\u00eancia do banco pagador do benef\u00edcio.<\/p>\n<p>As datas de comparecimento variam de banco para banco: existem bancos que utilizam a data do anivers\u00e1rio do benefici\u00e1rio, outros que utilizam a data de anivers\u00e1rio do benef\u00edcio e h\u00e1 tamb\u00e9m os bancos que convocam o benefici\u00e1rio um m\u00eas antes de vencer o prazo da \u00faltima prova de vida realizada.<\/p>\n<h3><strong>O que fazer?<\/strong><\/h3>\n<p>A Secretaria Especial de Previd\u00eancia e Trabalho e o INSS alertam os segurados para que desconsiderem a data de 28 de fevereiro citada no referido boato, uma vez que esse prazo se refere a uma prorroga\u00e7\u00e3o ocorrida excepcionalmente no ano passado.<\/p>\n<p>O objetivo desse prazo adicional foi atender aos segurados que n\u00e3o tinham feito a comprova\u00e7\u00e3o de vida no prazo original dado pelos bancos em 2017.<\/p>\n<h3><strong>Como saber o prazo certo?<\/strong><\/h3>\n<p>Os benefici\u00e1rios do INSS devem consultar diretamente seu banco pagador para saber quando devem fazer a prova de vida. Vale destacar que esse procedimento tem que ser feito todo ano, junto ao banco, para n\u00e3o correr o risco de ter o pagamento suspenso por n\u00e3o ter feito a comprova\u00e7\u00e3o de vida.<\/p>\n<p><em>Fonte: Assessoria<\/em><\/p>\n","protected":false},"excerpt":{"rendered":"<p>Diferentemente do boato compartilhado em redes sociais desde a \u00faltima segunda-feira, 21, a Secretaria Especial de Previd\u00eancia e Trabalho e o Instituto Nacional do Seguro Social (INSS) informam que n\u00e3o houve altera\u00e7\u00e3o nas regras da chamada prova de vida. A prova de vida \u00e9 obrigat\u00f3ria para todos os benefici\u00e1rios do INSS que recebem por conta [&hellip;]<\/p>\n","protected":false},"author":96,"featured_media":0,"comment_status":"closed","ping_status":"closed","sticky":false,"template":"","format":"standard","meta":{"footnotes":""},"categories":[261,439],"tags":[],"class_list":["post-131865","post","type-post","status-publish","format-standard","hentry","category-economia","category-ultima-hora"],"_links":{"self":[{"href":"https:\/\/diarioregionaldigital.com.br\/index.php?rest_route=\/wp\/v2\/posts\/131865","targetHints":{"allow":["GET"]}}],"collection":[{"href":"https:\/\/diarioregionaldigital.com.br\/index.php?rest_route=\/wp\/v2\/posts"}],"about":[{"href":"https:\/\/diarioregionaldigital.com.br\/index.php?rest_route=\/wp\/v2\/types\/post"}],"author":[{"embeddable":true,"href":"https:\/\/diarioregionaldigital.com.br\/index.php?rest_route=\/wp\/v2\/users\/96"}],"replies":[{"embeddable":true,"href":"https:\/\/diarioregionaldigital.com.br\/index.php?rest_route=%2Fwp%2Fv2%2Fcomments&post=131865"}],"version-history":[{"count":0,"href":"https:\/\/diarioregionaldigital.com.br\/index.php?rest_route=\/wp\/v2\/posts\/131865\/revisions"}],"wp:attachment":[{"href":"https:\/\/diarioregionaldigital.com.br\/index.php?rest_route=%2Fwp%2Fv2%2Fmedia&parent=131865"}],"wp:term":[{"taxonomy":"category","embeddable":true,"href":"https:\/\/diarioregionaldigital.com.br\/index.php?rest_route=%2Fwp%2Fv2%2Fcategories&post=131865"},{"taxonomy":"post_tag","embeddable":true,"href":"https:\/\/diarioregionaldigital.com.br\/index.php?rest_route=%2Fwp%2Fv2%2Ftags&post=131865"}],"curies":[{"name":"wp","href":"https:\/\/api.w.org\/{rel}","templated":true}]}}