{"id":131841,"date":"2019-01-24T10:49:38","date_gmt":"2019-01-24T12:49:38","guid":{"rendered":"https:\/\/diarioregionaldigital.com.br\/?p=131841"},"modified":"2019-01-24T11:46:40","modified_gmt":"2019-01-24T13:46:40","slug":"taxistas-fazem-manifestacao-no-centro-de-juiz-de-fora","status":"publish","type":"post","link":"https:\/\/diarioregionaldigital.com.br\/?p=131841","title":{"rendered":"Taxistas fazem manifesta\u00e7\u00e3o no Centro de Juiz de Fora"},"content":{"rendered":"<p>Um grupo de cem taxistas realizou, na manh\u00e3 desta quinta-feira, 24, um protesto pelas ruas do Centro de Juiz de Fora.<\/p>\n<p>De acordo com informa\u00e7\u00f5es da pr\u00f3pria categoria, o motivo da manifesta\u00e7\u00e3o foi o desservi\u00e7o da Prefeitura da cidade em rela\u00e7\u00e3o \u00e0 classe. Al\u00e9m disso, eles questionaram a regulamenta\u00e7\u00e3o do servi\u00e7o de aplicativo de transporte. O texto foi enviado pelo Executivo para a C\u00e2mara Municipal h\u00e1 quatro meses.<\/p>\n<p>Em dezembro do ano passado, foi discutido em uma audi\u00eancia p\u00fablica na C\u00e2mara Municipal de Juiz de Fora sobre renegocia\u00e7\u00e3o da cobran\u00e7a de R$20 mil exigida pela Administra\u00e7\u00e3o Municipal pela outorga do servi\u00e7o.<\/p>\n<p>A reportagem do Di\u00e1rio Regional entrou em contato com a Settra que se manifestou atrav\u00e9s de uma nota. Confira:<\/p>\n<p>\u201cO processo de regulamenta\u00e7\u00e3o do servi\u00e7o de transporte por aplicativo est\u00e1 para ser votado na C\u00e2mara Municipal. A Settra refor\u00e7a que est\u00e1 de acordo com a necessidade de uma regulamenta\u00e7\u00e3o e que aguarda o andamento do processo de vota\u00e7\u00e3o.\u201d<\/p>\n","protected":false},"excerpt":{"rendered":"<p>Um grupo de cem taxistas realizou, na manh\u00e3 desta quinta-feira, 24, um protesto pelas ruas do Centro de Juiz de Fora. De acordo com informa\u00e7\u00f5es da pr\u00f3pria categoria, o motivo da manifesta\u00e7\u00e3o foi o desservi\u00e7o da Prefeitura da cidade em rela\u00e7\u00e3o \u00e0 classe. Al\u00e9m disso, eles questionaram a regulamenta\u00e7\u00e3o do servi\u00e7o de aplicativo de transporte. [&hellip;]<\/p>\n","protected":false},"author":96,"featured_media":0,"comment_status":"closed","ping_status":"closed","sticky":false,"template":"","format":"standard","meta":{"footnotes":""},"categories":[253,436,440,439],"tags":[],"class_list":["post-131841","post","type-post","status-publish","format-standard","hentry","category-cidade","category-destaque-da-semana","category-destaques-do-dia","category-ultima-hora"],"_links":{"self":[{"href":"https:\/\/diarioregionaldigital.com.br\/index.php?rest_route=\/wp\/v2\/posts\/131841","targetHints":{"allow":["GET"]}}],"collection":[{"href":"https:\/\/diarioregionaldigital.com.br\/index.php?rest_route=\/wp\/v2\/posts"}],"about":[{"href":"https:\/\/diarioregionaldigital.com.br\/index.php?rest_route=\/wp\/v2\/types\/post"}],"author":[{"embeddable":true,"href":"https:\/\/diarioregionaldigital.com.br\/index.php?rest_route=\/wp\/v2\/users\/96"}],"replies":[{"embeddable":true,"href":"https:\/\/diarioregionaldigital.com.br\/index.php?rest_route=%2Fwp%2Fv2%2Fcomments&post=131841"}],"version-history":[{"count":0,"href":"https:\/\/diarioregionaldigital.com.br\/index.php?rest_route=\/wp\/v2\/posts\/131841\/revisions"}],"wp:attachment":[{"href":"https:\/\/diarioregionaldigital.com.br\/index.php?rest_route=%2Fwp%2Fv2%2Fmedia&parent=131841"}],"wp:term":[{"taxonomy":"category","embeddable":true,"href":"https:\/\/diarioregionaldigital.com.br\/index.php?rest_route=%2Fwp%2Fv2%2Fcategories&post=131841"},{"taxonomy":"post_tag","embeddable":true,"href":"https:\/\/diarioregionaldigital.com.br\/index.php?rest_route=%2Fwp%2Fv2%2Ftags&post=131841"}],"curies":[{"name":"wp","href":"https:\/\/api.w.org\/{rel}","templated":true}]}}