{"id":131839,"date":"2019-01-24T10:09:48","date_gmt":"2019-01-24T12:09:48","guid":{"rendered":"https:\/\/diarioregionaldigital.com.br\/?p=131839"},"modified":"2019-01-24T10:09:48","modified_gmt":"2019-01-24T12:09:48","slug":"homem-e-preso-por-porte-ilegal-de-arma","status":"publish","type":"post","link":"https:\/\/diarioregionaldigital.com.br\/?p=131839","title":{"rendered":"Homem \u00e9 preso por porte ilegal de arma"},"content":{"rendered":"<p>Um homem, 27 anos, foi preso ao ser flagrado com porte ilegal de arma de fogo, na madrugada desta quinta-feira, 24, no bairro S\u00e3o Bernardo, zona Leste de Juiz de Fora.<\/p>\n<p>De acordo com a Pol\u00edcia Militar, durante o patrulhamento pela Rua S\u00e3o Bernardo, os policiais avistaram um t\u00e1xi com um homem no banco da frente. Ao ver os militares o homem desceu do ve\u00edculo de forma r\u00e1pida e retirou a arma de fogo e a jogou no ch\u00e3o. O autor foi preso em flagrante.<\/p>\n<p>Ainda segundo informa\u00e7\u00f5es do Boletim de Ocorr\u00eancia (BO), o autor alegou que estava de sa\u00edda tempor\u00e1ria do pres\u00eddio, e que a arma foi comprada h\u00e1 tr\u00eas anos atr\u00e1s pela quantia de R$8.000 mil reais e que estaria armado pois teria conflito com traficantes do bairro Santa C\u00e2ndida.<\/p>\n<p>Foram apreendidos um carregador de pistola, 9 muni\u00e7\u00f5es e uma arma. O homem foi encaminhado para a delegacia.<\/p>\n","protected":false},"excerpt":{"rendered":"<p>Um homem, 27 anos, foi preso ao ser flagrado com porte ilegal de arma de fogo, na madrugada desta quinta-feira, 24, no bairro S\u00e3o Bernardo, zona Leste de Juiz de Fora. De acordo com a Pol\u00edcia Militar, durante o patrulhamento pela Rua S\u00e3o Bernardo, os policiais avistaram um t\u00e1xi com um homem no banco da [&hellip;]<\/p>\n","protected":false},"author":96,"featured_media":97342,"comment_status":"closed","ping_status":"closed","sticky":false,"template":"","format":"standard","meta":{"footnotes":""},"categories":[301,439],"tags":[],"class_list":["post-131839","post","type-post","status-publish","format-standard","has-post-thumbnail","hentry","category-artigos-policiais","category-ultima-hora"],"_links":{"self":[{"href":"https:\/\/diarioregionaldigital.com.br\/index.php?rest_route=\/wp\/v2\/posts\/131839","targetHints":{"allow":["GET"]}}],"collection":[{"href":"https:\/\/diarioregionaldigital.com.br\/index.php?rest_route=\/wp\/v2\/posts"}],"about":[{"href":"https:\/\/diarioregionaldigital.com.br\/index.php?rest_route=\/wp\/v2\/types\/post"}],"author":[{"embeddable":true,"href":"https:\/\/diarioregionaldigital.com.br\/index.php?rest_route=\/wp\/v2\/users\/96"}],"replies":[{"embeddable":true,"href":"https:\/\/diarioregionaldigital.com.br\/index.php?rest_route=%2Fwp%2Fv2%2Fcomments&post=131839"}],"version-history":[{"count":0,"href":"https:\/\/diarioregionaldigital.com.br\/index.php?rest_route=\/wp\/v2\/posts\/131839\/revisions"}],"wp:featuredmedia":[{"embeddable":true,"href":"https:\/\/diarioregionaldigital.com.br\/index.php?rest_route=\/wp\/v2\/media\/97342"}],"wp:attachment":[{"href":"https:\/\/diarioregionaldigital.com.br\/index.php?rest_route=%2Fwp%2Fv2%2Fmedia&parent=131839"}],"wp:term":[{"taxonomy":"category","embeddable":true,"href":"https:\/\/diarioregionaldigital.com.br\/index.php?rest_route=%2Fwp%2Fv2%2Fcategories&post=131839"},{"taxonomy":"post_tag","embeddable":true,"href":"https:\/\/diarioregionaldigital.com.br\/index.php?rest_route=%2Fwp%2Fv2%2Ftags&post=131839"}],"curies":[{"name":"wp","href":"https:\/\/api.w.org\/{rel}","templated":true}]}}