{"id":131801,"date":"2019-01-24T06:02:25","date_gmt":"2019-01-24T08:02:25","guid":{"rendered":"https:\/\/diarioregionaldigital.com.br\/?p=131801"},"modified":"2019-01-24T08:04:33","modified_gmt":"2019-01-24T10:04:33","slug":"familia-lanca-campanha-para-ajudar-bebe-que-nasceu-com-anomalia-anorretal","status":"publish","type":"post","link":"https:\/\/diarioregionaldigital.com.br\/?p=131801","title":{"rendered":"Fam\u00edlia lan\u00e7a campanha para ajudar beb\u00ea que nasceu com anomalia anorretal"},"content":{"rendered":"<p>O pequeno Rafael, de 1 ano e 9 meses, morador de Matias Barbosa, que fica a cerca de 22km de Juiz de Fora, est\u00e1 correndo contra o tempo em melhoria de sua sa\u00fade. O beb\u00ea nasceu com uma anomalia anorretal e precisa urgentemente de cirurgia.<\/p>\n<p>Filho de uma confeiteira, que precisou largar o servi\u00e7o para cuidar do beb\u00ea, e de um motorista de caminh\u00e3o, Rafael \u00e9 o segundo filho, irm\u00e3o de Maria Clara, 10 anos. Eva Cristina Lopes Rezende conta que o menino foi diagnosticado com os problemas ap\u00f3s o nascimento. Al\u00e9m da anomalia anorretal, ele sofre com atresia no es\u00f4fago, que \u00e9 a m\u00e1 forma\u00e7\u00e3o do es\u00f4fago do rec\u00e9m-nascido,que foi corrigida com sete dias de vida e tamb\u00e9mprecisar\u00e1 realizar uma corre\u00e7\u00e3o do refluxo vesicoureteral no rim esquerdo de grau 5, que causa a infec\u00e7\u00e3o de urina.<\/p>\n<p>Al\u00e9m de fazer uso de antibi\u00f3tico por conta do refluxo vesicoureteral, Rafael est\u00e1 vivendo com uma colostomia, que \u00e9 uma abertura na parede abdominal, na qual se liga uma termina\u00e7\u00e3o do intestino e onde o paciente passa a eliminar fezes e gases. \u201cEle n\u00e3o se adaptou com a bolsinha e por isso eu uso fraldas nele\u201d, disse. A m\u00e3e conta que, segundo os m\u00e9dicos, a idade para realizar a cirurgia \u00e9 at\u00e9 os 2 anos. \u201cA gente chegou a marcar a cirurgia dele umas quatro vezes pelo SUS, mas cada vez que marcava ele estava sentindo alguma coisa. Uma vez ele teve infec\u00e7\u00e3o de urina. Outra vez ele estava com crise de bronquite. Na outra data uma crian\u00e7a com um problema mais grave precisou passar na frente. Em agosto do ano passado ele j\u00e1 estava internado, dentro do centro cir\u00fargico, mas os m\u00e9dicos acharam que ele estava resfriado, com o \u2018peitinho cheio\u2019 e n\u00e3o fizeram a cirurgia\u201d, relata.<\/p>\n<p>O valor que est\u00e1 sendo arrecadado para Rafael \u00e9 de R$25.000,00, para que a cirurgia seja realizada da rede privada de sa\u00fade. \u201cNo total s\u00e3o tr\u00eas cirurgias, a reconstru\u00e7\u00e3o anal e a corre\u00e7\u00e3o. Depois vai ter uma fase bem dif\u00edcil, que \u00e9 a de adapta\u00e7\u00e3o que dura cinco meses e s\u00f3 depois que ele vai fazer o fechamento da colostomia\u201d, disse. Rafael completar\u00e1 2 anos de idade em abril deste ano.<\/p>\n<p>\u201cEu pe\u00e7o \u00e0s pessoas que ajudem com o que puder, qualquer valor \u00e9 bem-vindo. Estamos correndo atr\u00e1s para fazer essa cirurgia e tirar ele desse sofrimento, para ele ser uma crian\u00e7a normal. Ele v\u00ea uma crian\u00e7a e logo j\u00e1 olha na barriga da outra crian\u00e7a pra ver se \u00e9 igual a ele\u201d, disse. Os n\u00fameros da conta para ajudar na campanha, que ganhou um perfil no Facebook e uma hashtag (#juntospeloRafael), s\u00e3o: <strong>Banco do Brasil, Ag\u00eancia 3210-7 C\/poupan\u00e7a: 23436-2 VAR 51 CPF: 161.896.906-45<\/strong><strong>.<\/strong><\/p>\n<div id=\"attachment_131803\" style=\"width: 339px\" class=\"wp-caption aligncenter\"><img loading=\"lazy\" decoding=\"async\" aria-describedby=\"caption-attachment-131803\" class=\" wp-image-131803\" src=\"https:\/\/diarioregionaldigital.com.br\/wp-content\/uploads\/2019\/01\/foto-02-divulga\u00e7\u00e3o-232x300.jpg\" alt=\"\" width=\"329\" height=\"425\" srcset=\"https:\/\/diarioregionaldigital.com.br\/wp-content\/uploads\/2019\/01\/foto-02-divulga\u00e7\u00e3o-232x300.jpg 232w, https:\/\/diarioregionaldigital.com.br\/wp-content\/uploads\/2019\/01\/foto-02-divulga\u00e7\u00e3o-360x466.jpg 360w, https:\/\/diarioregionaldigital.com.br\/wp-content\/uploads\/2019\/01\/foto-02-divulga\u00e7\u00e3o.jpg 750w\" sizes=\"auto, (max-width: 329px) 100vw, 329px\" \/><p id=\"caption-attachment-131803\" class=\"wp-caption-text\">Foto: Divulga\u00e7\u00e3o<\/p><\/div>\n","protected":false},"excerpt":{"rendered":"<p>O pequeno Rafael, de 1 ano e 9 meses, morador de Matias Barbosa, que fica a cerca de 22km de Juiz de Fora, est\u00e1 correndo contra o tempo em melhoria de sua sa\u00fade. O beb\u00ea nasceu com uma anomalia anorretal e precisa urgentemente de cirurgia. Filho de uma confeiteira, que precisou largar o servi\u00e7o para [&hellip;]<\/p>\n","protected":false},"author":96,"featured_media":131802,"comment_status":"closed","ping_status":"closed","sticky":false,"template":"","format":"standard","meta":{"footnotes":""},"categories":[253,436,440,439],"tags":[],"class_list":["post-131801","post","type-post","status-publish","format-standard","has-post-thumbnail","hentry","category-cidade","category-destaque-da-semana","category-destaques-do-dia","category-ultima-hora"],"_links":{"self":[{"href":"https:\/\/diarioregionaldigital.com.br\/index.php?rest_route=\/wp\/v2\/posts\/131801","targetHints":{"allow":["GET"]}}],"collection":[{"href":"https:\/\/diarioregionaldigital.com.br\/index.php?rest_route=\/wp\/v2\/posts"}],"about":[{"href":"https:\/\/diarioregionaldigital.com.br\/index.php?rest_route=\/wp\/v2\/types\/post"}],"author":[{"embeddable":true,"href":"https:\/\/diarioregionaldigital.com.br\/index.php?rest_route=\/wp\/v2\/users\/96"}],"replies":[{"embeddable":true,"href":"https:\/\/diarioregionaldigital.com.br\/index.php?rest_route=%2Fwp%2Fv2%2Fcomments&post=131801"}],"version-history":[{"count":0,"href":"https:\/\/diarioregionaldigital.com.br\/index.php?rest_route=\/wp\/v2\/posts\/131801\/revisions"}],"wp:featuredmedia":[{"embeddable":true,"href":"https:\/\/diarioregionaldigital.com.br\/index.php?rest_route=\/wp\/v2\/media\/131802"}],"wp:attachment":[{"href":"https:\/\/diarioregionaldigital.com.br\/index.php?rest_route=%2Fwp%2Fv2%2Fmedia&parent=131801"}],"wp:term":[{"taxonomy":"category","embeddable":true,"href":"https:\/\/diarioregionaldigital.com.br\/index.php?rest_route=%2Fwp%2Fv2%2Fcategories&post=131801"},{"taxonomy":"post_tag","embeddable":true,"href":"https:\/\/diarioregionaldigital.com.br\/index.php?rest_route=%2Fwp%2Fv2%2Ftags&post=131801"}],"curies":[{"name":"wp","href":"https:\/\/api.w.org\/{rel}","templated":true}]}}