{"id":131799,"date":"2019-01-23T17:11:13","date_gmt":"2019-01-23T19:11:13","guid":{"rendered":"https:\/\/diarioregionaldigital.com.br\/?p=131799"},"modified":"2019-01-24T08:06:23","modified_gmt":"2019-01-24T10:06:23","slug":"moradores-do-bairro-granjas-bethel-reclamam-da-falta-de-abastecimento-de-agua","status":"publish","type":"post","link":"https:\/\/diarioregionaldigital.com.br\/?p=131799","title":{"rendered":"Moradores do bairro Granjas Bethel reclamam da falta de abastecimento de \u00e1gua"},"content":{"rendered":"<p>H\u00e1, pelo menos, 15 dias, moradores do bairro Granjas Bethel, zona Sudeste de Juiz de Fora, est\u00e3o sofrendo com a falta de abastecimento de \u00e1gua.<\/p>\n<p>Como relata a moradora do bairro, Iara Narciso, a popula\u00e7\u00e3o est\u00e1 registrando reclama\u00e7\u00e3o sobre o problema, mas n\u00e3o est\u00e3o obtendo respostas. \u201cAt\u00e9 o momento n\u00e3o nos foi passada uma solu\u00e7\u00e3o quanto \u00e0 falta de abastecimento que vem ocorrendo e nem mesmo uma posi\u00e7\u00e3o de quando ir\u00e1 retornar o abastecimento\u201d, disse. Ela ainda disse que as reclama\u00e7\u00f5es est\u00e3o sendo feitas pelo telefone da Cesama, 115, e que j\u00e1 resultaram em seis n\u00fameros de protocolo, do dia 14 ao dia 23 de janeiro deste ano.<\/p>\n<p><strong>EM NOTA<\/strong><\/p>\n<p>Em nota, a Cesama informou que houve uma quebra de rede de \u00e1gua na semana passada e depois um problema em uma ventosa da tubula\u00e7\u00e3o. \u201cOs reparos foram feitos, mas com o alto consumo do final de semana, o sistema n\u00e3o se recuperou satisfatoriamente. Como o problema ainda persistia, uma equipe da Cesama voltou ao local\u00a0 na ter\u00e7a-feira, 22, para verificar a causa. Nessa quarta-feira, 23, a companhia realizou novas interven\u00e7\u00f5es na \u00e1rea e a \u00e1gua j\u00e1 foi reaberta. At\u00e9 que o sistema seja totalmente regularizado, a companhia est\u00e1 abastecendo os im\u00f3veis por meio de caminh\u00e3o pipa\u201d, informou.<\/p>\n","protected":false},"excerpt":{"rendered":"<p>H\u00e1, pelo menos, 15 dias, moradores do bairro Granjas Bethel, zona Sudeste de Juiz de Fora, est\u00e3o sofrendo com a falta de abastecimento de \u00e1gua. Como relata a moradora do bairro, Iara Narciso, a popula\u00e7\u00e3o est\u00e1 registrando reclama\u00e7\u00e3o sobre o problema, mas n\u00e3o est\u00e3o obtendo respostas. \u201cAt\u00e9 o momento n\u00e3o nos foi passada uma solu\u00e7\u00e3o [&hellip;]<\/p>\n","protected":false},"author":96,"featured_media":0,"comment_status":"closed","ping_status":"closed","sticky":false,"template":"","format":"standard","meta":{"footnotes":""},"categories":[253,436,440,439],"tags":[],"class_list":["post-131799","post","type-post","status-publish","format-standard","hentry","category-cidade","category-destaque-da-semana","category-destaques-do-dia","category-ultima-hora"],"_links":{"self":[{"href":"https:\/\/diarioregionaldigital.com.br\/index.php?rest_route=\/wp\/v2\/posts\/131799","targetHints":{"allow":["GET"]}}],"collection":[{"href":"https:\/\/diarioregionaldigital.com.br\/index.php?rest_route=\/wp\/v2\/posts"}],"about":[{"href":"https:\/\/diarioregionaldigital.com.br\/index.php?rest_route=\/wp\/v2\/types\/post"}],"author":[{"embeddable":true,"href":"https:\/\/diarioregionaldigital.com.br\/index.php?rest_route=\/wp\/v2\/users\/96"}],"replies":[{"embeddable":true,"href":"https:\/\/diarioregionaldigital.com.br\/index.php?rest_route=%2Fwp%2Fv2%2Fcomments&post=131799"}],"version-history":[{"count":0,"href":"https:\/\/diarioregionaldigital.com.br\/index.php?rest_route=\/wp\/v2\/posts\/131799\/revisions"}],"wp:attachment":[{"href":"https:\/\/diarioregionaldigital.com.br\/index.php?rest_route=%2Fwp%2Fv2%2Fmedia&parent=131799"}],"wp:term":[{"taxonomy":"category","embeddable":true,"href":"https:\/\/diarioregionaldigital.com.br\/index.php?rest_route=%2Fwp%2Fv2%2Fcategories&post=131799"},{"taxonomy":"post_tag","embeddable":true,"href":"https:\/\/diarioregionaldigital.com.br\/index.php?rest_route=%2Fwp%2Fv2%2Ftags&post=131799"}],"curies":[{"name":"wp","href":"https:\/\/api.w.org\/{rel}","templated":true}]}}