{"id":131796,"date":"2019-01-24T05:00:35","date_gmt":"2019-01-24T07:00:35","guid":{"rendered":"https:\/\/diarioregionaldigital.com.br\/?p=131796"},"modified":"2019-01-24T08:10:55","modified_gmt":"2019-01-24T10:10:55","slug":"sebrae-minas-promove-capacitacoes-para-mpe-e-mei-em-juiz-de-fora","status":"publish","type":"post","link":"https:\/\/diarioregionaldigital.com.br\/?p=131796","title":{"rendered":"Sebrae Minas promove capacita\u00e7\u00f5es para MPE e MEI em Juiz de Fora"},"content":{"rendered":"<p>De 24 de janeiro a 27 de fevereiro, o Sebrae Minas promove uma agenda especial de capacita\u00e7\u00f5es voltadas para os empres\u00e1rios de Juiz de Fora. Al\u00e9m disso, os microempreendedores individuais (MEI) podem participar, todas as segundas-feiras, da oficina Como ser MEI na pr\u00e1tica, das 14h \u00e0s 17h.<\/p>\n<p>As inscri\u00e7\u00f5es para todas as atividades devem ser feitas pelo telefone 0800 570 0800, <a href=\"http:\/\/www.sebraemg.com.br\">no site<\/a>\u00a0ou pessoalmente, no ponto de atendimento do Sebrae Minas, em Juiz de Fora. Informa\u00e7\u00f5es pelo telefone (32) 3257-4712.<\/p>\n<h3><strong>Programa\u00e7\u00e3o<\/strong><\/h3>\n<p>Palestra\u00a0Como fazer a declara\u00e7\u00e3o do MEI<\/p>\n<p>24 e 31\/01|14h|Gratuito<\/p>\n<p>&nbsp;<\/p>\n<p>Palestra\u00a0Como fazer a declara\u00e7\u00e3o do MEI<\/p>\n<p>29\/01|9h|Gratuito<\/p>\n<p>&nbsp;<\/p>\n<p>Consultoria individual:\u00a0Finan\u00e7as<\/p>\n<p>23 a 25\/01|hor\u00e1rio agendado|R$60,00<\/p>\n<p>&nbsp;<\/p>\n<p>Palestra\u00a0Como manter suas finan\u00e7as em dia<\/p>\n<p>29\/01|19h|Gratuito<\/p>\n<p>&nbsp;<\/p>\n<p>Consultoria individual:\u00a0Finan\u00e7as<\/p>\n<p>28\/01 a 01\/02|hor\u00e1rio agendado|R$60,00<\/p>\n<p>&nbsp;<\/p>\n<p>Palestra\u00a0Como fazer a declara\u00e7\u00e3o do MEI<\/p>\n<p>04, 11, 18 e 25\/02|9h|Gratuito<\/p>\n<p>&nbsp;<\/p>\n<p>Oficina\u00a0Gest\u00e3o de m\u00eddias sociais<\/p>\n<p>06 e 07\/02|18h30|R$30,00<\/p>\n<p>&nbsp;<\/p>\n<p>Oficina\u00a0Como escolher o melhor modelo de franquia<\/p>\n<p>14\/02|18h30|R$30,00<\/p>\n<p>&nbsp;<\/p>\n<p>Curso\u00a0Modelo de neg\u00f3cios\u00a0(curso + oficina)<\/p>\n<p>18 a 20\/02|18h|R$260,00<\/p>\n<p>&nbsp;<\/p>\n<p>Oficina\u00a0Como elaborar controles financeiros<\/p>\n<p>21\/02|18h30|R$30,00<\/p>\n<p>&nbsp;<\/p>\n<p>Palestra\u00a0Aumente a lucratividade de sua empresa<\/p>\n<p>22\/02|10h|Gratuito<\/p>\n<p>&nbsp;<\/p>\n<p>Palestra\u00a0Como fazer a declara\u00e7\u00e3o do MEI<\/p>\n<p>22 e 27\/02|14h|Gratuito<\/p>\n<p>&nbsp;<\/p>\n<p>Fonte: Assessoria<\/p>\n","protected":false},"excerpt":{"rendered":"<p>De 24 de janeiro a 27 de fevereiro, o Sebrae Minas promove uma agenda especial de capacita\u00e7\u00f5es voltadas para os empres\u00e1rios de Juiz de Fora. Al\u00e9m disso, os microempreendedores individuais (MEI) podem participar, todas as segundas-feiras, da oficina Como ser MEI na pr\u00e1tica, das 14h \u00e0s 17h. As inscri\u00e7\u00f5es para todas as atividades devem ser [&hellip;]<\/p>\n","protected":false},"author":96,"featured_media":131797,"comment_status":"closed","ping_status":"closed","sticky":false,"template":"","format":"standard","meta":{"footnotes":""},"categories":[253,436,440,439],"tags":[],"class_list":["post-131796","post","type-post","status-publish","format-standard","has-post-thumbnail","hentry","category-cidade","category-destaque-da-semana","category-destaques-do-dia","category-ultima-hora"],"_links":{"self":[{"href":"https:\/\/diarioregionaldigital.com.br\/index.php?rest_route=\/wp\/v2\/posts\/131796","targetHints":{"allow":["GET"]}}],"collection":[{"href":"https:\/\/diarioregionaldigital.com.br\/index.php?rest_route=\/wp\/v2\/posts"}],"about":[{"href":"https:\/\/diarioregionaldigital.com.br\/index.php?rest_route=\/wp\/v2\/types\/post"}],"author":[{"embeddable":true,"href":"https:\/\/diarioregionaldigital.com.br\/index.php?rest_route=\/wp\/v2\/users\/96"}],"replies":[{"embeddable":true,"href":"https:\/\/diarioregionaldigital.com.br\/index.php?rest_route=%2Fwp%2Fv2%2Fcomments&post=131796"}],"version-history":[{"count":0,"href":"https:\/\/diarioregionaldigital.com.br\/index.php?rest_route=\/wp\/v2\/posts\/131796\/revisions"}],"wp:featuredmedia":[{"embeddable":true,"href":"https:\/\/diarioregionaldigital.com.br\/index.php?rest_route=\/wp\/v2\/media\/131797"}],"wp:attachment":[{"href":"https:\/\/diarioregionaldigital.com.br\/index.php?rest_route=%2Fwp%2Fv2%2Fmedia&parent=131796"}],"wp:term":[{"taxonomy":"category","embeddable":true,"href":"https:\/\/diarioregionaldigital.com.br\/index.php?rest_route=%2Fwp%2Fv2%2Fcategories&post=131796"},{"taxonomy":"post_tag","embeddable":true,"href":"https:\/\/diarioregionaldigital.com.br\/index.php?rest_route=%2Fwp%2Fv2%2Ftags&post=131796"}],"curies":[{"name":"wp","href":"https:\/\/api.w.org\/{rel}","templated":true}]}}