{"id":131793,"date":"2019-01-23T17:14:32","date_gmt":"2019-01-23T19:14:32","guid":{"rendered":"https:\/\/diarioregionaldigital.com.br\/?p=131793"},"modified":"2019-01-23T17:14:32","modified_gmt":"2019-01-23T19:14:32","slug":"secretaria-de-obras-realiza-limpeza-de-bocas-de-lobo-no-mergulhao","status":"publish","type":"post","link":"https:\/\/diarioregionaldigital.com.br\/?p=131793","title":{"rendered":"Secretaria de Obras realiza limpeza de bocas de lobo no Mergulh\u00e3o"},"content":{"rendered":"<p>Nesta quarta-feira, 23, a Secretaria de Obras (SO) come\u00e7ou a limpeza das bocas de lobo do Mergulh\u00e3o, na regi\u00e3o central. O servi\u00e7o est\u00e1 sendo feito na pista de carros Centro-Bairro. Agentes da Secretaria de Transporte e Tr\u00e2nsito (Settra) est\u00e3o controlando o tr\u00e2nsito no local, que est\u00e1 em uma pista.<\/p>\n<p>O servi\u00e7o continua nesta quinta-feira, 24, na pista Bairro-Centro, e ser\u00e1 finalizado na sexta-feira, 25, na pista de \u00f4nibus. O esquema de tr\u00e2nsito todos os dias ser\u00e1 o mesmo, com apoio dos agentes da Settra.<\/p>\n<p>&#8220;A manuten\u00e7\u00e3o das bocas de lobo \u00e9 fundamental para o bom funcionamento da rede de drenagem nos dias de chuva. A popula\u00e7\u00e3o precisa colaborar e n\u00e3o descartar lixo no ch\u00e3o e nem colocar o lixo dom\u00e9stico fora do hor\u00e1rio de coleta, pois, infelizmente, o principal material retirado das bocas de lobo \u00e9 lixo urbano&#8221;, alerta o gerente do departamento de Opera\u00e7\u00e3o e Manuten\u00e7\u00e3o de Obras, Domingos Gouv\u00eaa.<\/p>\n<p>Fonte: PJF<\/p>\n","protected":false},"excerpt":{"rendered":"<p>Nesta quarta-feira, 23, a Secretaria de Obras (SO) come\u00e7ou a limpeza das bocas de lobo do Mergulh\u00e3o, na regi\u00e3o central. O servi\u00e7o est\u00e1 sendo feito na pista de carros Centro-Bairro. Agentes da Secretaria de Transporte e Tr\u00e2nsito (Settra) est\u00e3o controlando o tr\u00e2nsito no local, que est\u00e1 em uma pista. O servi\u00e7o continua nesta quinta-feira, 24, [&hellip;]<\/p>\n","protected":false},"author":96,"featured_media":131794,"comment_status":"closed","ping_status":"closed","sticky":false,"template":"","format":"standard","meta":{"footnotes":""},"categories":[253,436,439],"tags":[],"class_list":["post-131793","post","type-post","status-publish","format-standard","has-post-thumbnail","hentry","category-cidade","category-destaque-da-semana","category-ultima-hora"],"_links":{"self":[{"href":"https:\/\/diarioregionaldigital.com.br\/index.php?rest_route=\/wp\/v2\/posts\/131793","targetHints":{"allow":["GET"]}}],"collection":[{"href":"https:\/\/diarioregionaldigital.com.br\/index.php?rest_route=\/wp\/v2\/posts"}],"about":[{"href":"https:\/\/diarioregionaldigital.com.br\/index.php?rest_route=\/wp\/v2\/types\/post"}],"author":[{"embeddable":true,"href":"https:\/\/diarioregionaldigital.com.br\/index.php?rest_route=\/wp\/v2\/users\/96"}],"replies":[{"embeddable":true,"href":"https:\/\/diarioregionaldigital.com.br\/index.php?rest_route=%2Fwp%2Fv2%2Fcomments&post=131793"}],"version-history":[{"count":0,"href":"https:\/\/diarioregionaldigital.com.br\/index.php?rest_route=\/wp\/v2\/posts\/131793\/revisions"}],"wp:featuredmedia":[{"embeddable":true,"href":"https:\/\/diarioregionaldigital.com.br\/index.php?rest_route=\/wp\/v2\/media\/131794"}],"wp:attachment":[{"href":"https:\/\/diarioregionaldigital.com.br\/index.php?rest_route=%2Fwp%2Fv2%2Fmedia&parent=131793"}],"wp:term":[{"taxonomy":"category","embeddable":true,"href":"https:\/\/diarioregionaldigital.com.br\/index.php?rest_route=%2Fwp%2Fv2%2Fcategories&post=131793"},{"taxonomy":"post_tag","embeddable":true,"href":"https:\/\/diarioregionaldigital.com.br\/index.php?rest_route=%2Fwp%2Fv2%2Ftags&post=131793"}],"curies":[{"name":"wp","href":"https:\/\/api.w.org\/{rel}","templated":true}]}}