{"id":131790,"date":"2019-01-23T17:10:55","date_gmt":"2019-01-23T19:10:55","guid":{"rendered":"https:\/\/diarioregionaldigital.com.br\/?p=131790"},"modified":"2019-01-23T17:10:55","modified_gmt":"2019-01-23T19:10:55","slug":"onyx-apresenta-35-metas-para-os-primeiros-100-dias-de-governo","status":"publish","type":"post","link":"https:\/\/diarioregionaldigital.com.br\/?p=131790","title":{"rendered":"Onyx apresenta 35 metas para os primeiros 100 dias de governo"},"content":{"rendered":"<p>O ministro-chefe da Casa Civil, Onyx Lorenzoni, apresenta nesta tarde, no Pal\u00e1cio do Planalto, as 35 metas priorit\u00e1rias dos primeiros 100 dias de governo. Dentre elas, est\u00e1 a redu\u00e7\u00e3o da m\u00e1quina administrativa. A estimativa do governo \u00e9 extinguir 21 mil fun\u00e7\u00f5es comissionadas e gratifica\u00e7\u00f5es.<\/p>\n<p>\u201cVamos lutar internamente para fazer essas redu\u00e7\u00f5es dentro dos 100 dias. Cada vez que diminuirmos a estrutura do governo federal, reduzimos os n\u00edveis hier\u00e1rquicos, reduzirmos o disp\u00eandio com chefia, assessoramento e cargos comissionados, mais dinheiro sai da atividade meio e vai para a ponta\u201d, disse Onyx.<\/p>\n<p>O ministro enfatizou que o governo se esfor\u00e7ar\u00e1 para cumprir as metas. Outra meta \u00e9 incluir o 13\u00ba benef\u00edcio no Bolsa Fam\u00edlia, que atende 14 milh\u00f5es de fam\u00edlias.<\/p>\n<p>O governo pretende apresentar um Projeto de Lei (PL) chamado \u201cPL Anticrime\u201d. \u00c9 um projeto para, segundo o governo, aumentar a efic\u00e1cia no combate ao crime organizado, ao crime violento e \u00e0 corrup\u00e7\u00e3o. Com o PL Anticrime, a ideia \u00e9\u00a0 \u201creduzir pontos de estrangulamento do sistema de justi\u00e7a criminal\u201d.<\/p>\n<p>Segundo Lorenzoni, as metas foram selecionadas por cada um dos minist\u00e9rios. \u201cN\u00e3o s\u00e3o todas [as metas] nem necessariamente as mais importantes. S\u00e3o metas que o governo vai se empenhar para ter a condi\u00e7\u00e3o de apresentar ap\u00f3s 100 dias de governo. Estamos apresentando metas final\u00edsticas escolhidas pelos minist\u00e9rios, marcando o compromisso dos minist\u00e9rios com essa meta.\u201d<\/p>\n<p>Fonte: Ag\u00eancia Brasil<\/p>\n","protected":false},"excerpt":{"rendered":"<p>O ministro-chefe da Casa Civil, Onyx Lorenzoni, apresenta nesta tarde, no Pal\u00e1cio do Planalto, as 35 metas priorit\u00e1rias dos primeiros 100 dias de governo. Dentre elas, est\u00e1 a redu\u00e7\u00e3o da m\u00e1quina administrativa. A estimativa do governo \u00e9 extinguir 21 mil fun\u00e7\u00f5es comissionadas e gratifica\u00e7\u00f5es. \u201cVamos lutar internamente para fazer essas redu\u00e7\u00f5es dentro dos 100 dias. [&hellip;]<\/p>\n","protected":false},"author":96,"featured_media":131791,"comment_status":"closed","ping_status":"closed","sticky":false,"template":"","format":"standard","meta":{"footnotes":""},"categories":[436,254,439],"tags":[],"class_list":["post-131790","post","type-post","status-publish","format-standard","has-post-thumbnail","hentry","category-destaque-da-semana","category-politica","category-ultima-hora"],"_links":{"self":[{"href":"https:\/\/diarioregionaldigital.com.br\/index.php?rest_route=\/wp\/v2\/posts\/131790","targetHints":{"allow":["GET"]}}],"collection":[{"href":"https:\/\/diarioregionaldigital.com.br\/index.php?rest_route=\/wp\/v2\/posts"}],"about":[{"href":"https:\/\/diarioregionaldigital.com.br\/index.php?rest_route=\/wp\/v2\/types\/post"}],"author":[{"embeddable":true,"href":"https:\/\/diarioregionaldigital.com.br\/index.php?rest_route=\/wp\/v2\/users\/96"}],"replies":[{"embeddable":true,"href":"https:\/\/diarioregionaldigital.com.br\/index.php?rest_route=%2Fwp%2Fv2%2Fcomments&post=131790"}],"version-history":[{"count":0,"href":"https:\/\/diarioregionaldigital.com.br\/index.php?rest_route=\/wp\/v2\/posts\/131790\/revisions"}],"wp:featuredmedia":[{"embeddable":true,"href":"https:\/\/diarioregionaldigital.com.br\/index.php?rest_route=\/wp\/v2\/media\/131791"}],"wp:attachment":[{"href":"https:\/\/diarioregionaldigital.com.br\/index.php?rest_route=%2Fwp%2Fv2%2Fmedia&parent=131790"}],"wp:term":[{"taxonomy":"category","embeddable":true,"href":"https:\/\/diarioregionaldigital.com.br\/index.php?rest_route=%2Fwp%2Fv2%2Fcategories&post=131790"},{"taxonomy":"post_tag","embeddable":true,"href":"https:\/\/diarioregionaldigital.com.br\/index.php?rest_route=%2Fwp%2Fv2%2Ftags&post=131790"}],"curies":[{"name":"wp","href":"https:\/\/api.w.org\/{rel}","templated":true}]}}