{"id":131785,"date":"2019-01-23T17:40:06","date_gmt":"2019-01-23T19:40:06","guid":{"rendered":"https:\/\/diarioregionaldigital.com.br\/?p=131785"},"modified":"2019-01-23T19:12:59","modified_gmt":"2019-01-23T21:12:59","slug":"aulas-na-rede-municipal-serao-retomadas-no-dia-18-de-fevereiro","status":"publish","type":"post","link":"https:\/\/diarioregionaldigital.com.br\/?p=131785","title":{"rendered":"Aulas na rede municipal ser\u00e3o retomadas no dia 18 de fevereiro"},"content":{"rendered":"<p>A volta \u00e0s aulas na rede municipal de ensino foi adiada em Juiz de Fora. A decis\u00e3o de iniciar o per\u00edodo letivo no dia 18 de fevereiro foi comunicada pela secret\u00e1ria municipal de Educa\u00e7\u00e3o, Denise Franco, durante uma reuni\u00e3o com diretores de escolas do munic\u00edpio na tarde desta quarta-feira, 23.<\/p>\n<p>A altera\u00e7\u00e3o na data se justifica em raz\u00e3o do d\u00e9ficit financeiro vivenciado pela administra\u00e7\u00e3o municipal decorrente da falta de repasses por parte do Governo do Estado, que j\u00e1 ultrapassam a R$ 200 milh\u00f5es, e tamb\u00e9m aos constantes atrasos no pagamento dos repasses advindos da cobran\u00e7a de impostos como Imposto sobre a Propriedade de Ve\u00edculos Automotores (IPVA), Imposto sobre Circula\u00e7\u00e3o de Mercadorias e Servi\u00e7os (ICMS) e Fundo de Manuten\u00e7\u00e3o e Desenvolvimento da Educa\u00e7\u00e3o B\u00e1sica (Fundeb) em 2018 e tamb\u00e9m a valores que ainda n\u00e3o foram quitados neste in\u00edcio de 2019. A mesma situa\u00e7\u00e3o \u00e9 vivida por outros munic\u00edpios mineiros, como Vespasiano, Betim e Contagem.<\/p>\n<p>S\u00f3 para o Fundeb, utilizado para o pagamento dos sal\u00e1rios dos professores e para manuten\u00e7\u00e3o das escolas, at\u00e9 o momento o Estado deve mais de R$ 50 milh\u00f5es.<\/p>\n<p>De acordo com secret\u00e1ria Denise Franco, o Calend\u00e1rio Escolar ser\u00e1 reajustado para cumprimento \u00e0 carga hor\u00e1ria prevista em lei, garantindo aos alunos da rede municipal os 200 dias letivos e 800 horas de atividades.<\/p>\n<p>Fonte: PJF<\/p>\n","protected":false},"excerpt":{"rendered":"<p>A volta \u00e0s aulas na rede municipal de ensino foi adiada em Juiz de Fora. A decis\u00e3o de iniciar o per\u00edodo letivo no dia 18 de fevereiro foi comunicada pela secret\u00e1ria municipal de Educa\u00e7\u00e3o, Denise Franco, durante uma reuni\u00e3o com diretores de escolas do munic\u00edpio na tarde desta quarta-feira, 23. A altera\u00e7\u00e3o na data se [&hellip;]<\/p>\n","protected":false},"author":96,"featured_media":99344,"comment_status":"closed","ping_status":"closed","sticky":false,"template":"","format":"standard","meta":{"footnotes":""},"categories":[253,436,440,439],"tags":[],"class_list":["post-131785","post","type-post","status-publish","format-standard","has-post-thumbnail","hentry","category-cidade","category-destaque-da-semana","category-destaques-do-dia","category-ultima-hora"],"_links":{"self":[{"href":"https:\/\/diarioregionaldigital.com.br\/index.php?rest_route=\/wp\/v2\/posts\/131785","targetHints":{"allow":["GET"]}}],"collection":[{"href":"https:\/\/diarioregionaldigital.com.br\/index.php?rest_route=\/wp\/v2\/posts"}],"about":[{"href":"https:\/\/diarioregionaldigital.com.br\/index.php?rest_route=\/wp\/v2\/types\/post"}],"author":[{"embeddable":true,"href":"https:\/\/diarioregionaldigital.com.br\/index.php?rest_route=\/wp\/v2\/users\/96"}],"replies":[{"embeddable":true,"href":"https:\/\/diarioregionaldigital.com.br\/index.php?rest_route=%2Fwp%2Fv2%2Fcomments&post=131785"}],"version-history":[{"count":0,"href":"https:\/\/diarioregionaldigital.com.br\/index.php?rest_route=\/wp\/v2\/posts\/131785\/revisions"}],"wp:featuredmedia":[{"embeddable":true,"href":"https:\/\/diarioregionaldigital.com.br\/index.php?rest_route=\/wp\/v2\/media\/99344"}],"wp:attachment":[{"href":"https:\/\/diarioregionaldigital.com.br\/index.php?rest_route=%2Fwp%2Fv2%2Fmedia&parent=131785"}],"wp:term":[{"taxonomy":"category","embeddable":true,"href":"https:\/\/diarioregionaldigital.com.br\/index.php?rest_route=%2Fwp%2Fv2%2Fcategories&post=131785"},{"taxonomy":"post_tag","embeddable":true,"href":"https:\/\/diarioregionaldigital.com.br\/index.php?rest_route=%2Fwp%2Fv2%2Ftags&post=131785"}],"curies":[{"name":"wp","href":"https:\/\/api.w.org\/{rel}","templated":true}]}}