{"id":131783,"date":"2019-01-23T16:18:13","date_gmt":"2019-01-23T18:18:13","guid":{"rendered":"https:\/\/diarioregionaldigital.com.br\/?p=131783"},"modified":"2019-01-23T16:18:13","modified_gmt":"2019-01-23T18:18:13","slug":"abastecimento-de-agua-e-suspenso-na-manha-desta-quarta-feira-no-bairro-santa-luzia","status":"publish","type":"post","link":"https:\/\/diarioregionaldigital.com.br\/?p=131783","title":{"rendered":"Abastecimento de \u00e1gua \u00e9 suspenso na manh\u00e3 desta quarta-feira no bairro Santa Luzia"},"content":{"rendered":"<p>Os moradores do bairro Santa Luzia, zona Sul de Juiz de Fora, tiveram o abastecimento de \u00e1gua suspenso de 8h \u00e0s 11h10, nesta quarta-feira, 23.<\/p>\n<p>Segundo informa\u00e7\u00f5es da Cesama, havia uma rede quebrada na Avenida Ibitiguaia e, para realiza\u00e7\u00e3o dos reparos, o abastecimento precisou ser suspenso. Ainda informaram, que assim que os trabalhos foram conclu\u00eddos, a \u00e1gua foi reaberta.<\/p>\n","protected":false},"excerpt":{"rendered":"<p>Os moradores do bairro Santa Luzia, zona Sul de Juiz de Fora, tiveram o abastecimento de \u00e1gua suspenso de 8h \u00e0s 11h10, nesta quarta-feira, 23. Segundo informa\u00e7\u00f5es da Cesama, havia uma rede quebrada na Avenida Ibitiguaia e, para realiza\u00e7\u00e3o dos reparos, o abastecimento precisou ser suspenso. Ainda informaram, que assim que os trabalhos foram conclu\u00eddos, [&hellip;]<\/p>\n","protected":false},"author":96,"featured_media":130741,"comment_status":"closed","ping_status":"closed","sticky":false,"template":"","format":"standard","meta":{"footnotes":""},"categories":[253,436,439],"tags":[],"class_list":["post-131783","post","type-post","status-publish","format-standard","has-post-thumbnail","hentry","category-cidade","category-destaque-da-semana","category-ultima-hora"],"_links":{"self":[{"href":"https:\/\/diarioregionaldigital.com.br\/index.php?rest_route=\/wp\/v2\/posts\/131783","targetHints":{"allow":["GET"]}}],"collection":[{"href":"https:\/\/diarioregionaldigital.com.br\/index.php?rest_route=\/wp\/v2\/posts"}],"about":[{"href":"https:\/\/diarioregionaldigital.com.br\/index.php?rest_route=\/wp\/v2\/types\/post"}],"author":[{"embeddable":true,"href":"https:\/\/diarioregionaldigital.com.br\/index.php?rest_route=\/wp\/v2\/users\/96"}],"replies":[{"embeddable":true,"href":"https:\/\/diarioregionaldigital.com.br\/index.php?rest_route=%2Fwp%2Fv2%2Fcomments&post=131783"}],"version-history":[{"count":0,"href":"https:\/\/diarioregionaldigital.com.br\/index.php?rest_route=\/wp\/v2\/posts\/131783\/revisions"}],"wp:featuredmedia":[{"embeddable":true,"href":"https:\/\/diarioregionaldigital.com.br\/index.php?rest_route=\/wp\/v2\/media\/130741"}],"wp:attachment":[{"href":"https:\/\/diarioregionaldigital.com.br\/index.php?rest_route=%2Fwp%2Fv2%2Fmedia&parent=131783"}],"wp:term":[{"taxonomy":"category","embeddable":true,"href":"https:\/\/diarioregionaldigital.com.br\/index.php?rest_route=%2Fwp%2Fv2%2Fcategories&post=131783"},{"taxonomy":"post_tag","embeddable":true,"href":"https:\/\/diarioregionaldigital.com.br\/index.php?rest_route=%2Fwp%2Fv2%2Ftags&post=131783"}],"curies":[{"name":"wp","href":"https:\/\/api.w.org\/{rel}","templated":true}]}}