{"id":131739,"date":"2019-01-23T05:30:05","date_gmt":"2019-01-23T07:30:05","guid":{"rendered":"https:\/\/diarioregionaldigital.com.br\/?p=131739"},"modified":"2019-01-23T09:35:14","modified_gmt":"2019-01-23T11:35:14","slug":"notas-de-corte-do-sisu-serao-divulgadas-em-quatro-horarios","status":"publish","type":"post","link":"https:\/\/diarioregionaldigital.com.br\/?p=131739","title":{"rendered":"Notas de corte do Sisu ser\u00e3o divulgadas em quatro hor\u00e1rios"},"content":{"rendered":"<p>O Minist\u00e9rio da Educa\u00e7\u00e3o informou em nota divulgada na noite desta ter\u00e7a-feira, 22, que foram adotadas todas as medidas para resolver a lentid\u00e3o no Sistema de Sele\u00e7\u00e3o Unificada (Sisu). O minist\u00e9rio comunicou ainda que as notas de corte de cada curso ser\u00e3o divulgadas em quatro hor\u00e1rios.<\/p>\n<p>Nesta tarde, o minist\u00e9rio divulgou as notas de corte de cada curso. No comunicado desta noite,\u00a0pasta informou que est\u00e1 sendo testada nesta edi\u00e7\u00e3o a\u00a0divulga\u00e7\u00e3o\u00a0da nota de corte para todos os cursos em quatro hor\u00e1rios: 7h, 12h, 17h30 e 20h. Nas edi\u00e7\u00f5es passadas, a divulga\u00e7\u00e3o ocorria \u00e0\u00a0meia-noite do segundo dia de inscri\u00e7\u00e3o. &#8220;A divulga\u00e7\u00e3o em quatro hor\u00e1rios se repetir\u00e1 at\u00e9\u00a0sexta-feira, dia 25. A divulga\u00e7\u00e3o da nota de corte \u00e0 meia-noite ser\u00e1 mantida at\u00e9\u00a0quinta-feira, dia 24&#8221;, diz a nota.<\/p>\n<p>As inscri\u00e7\u00f5es no Sisu\u00a0come\u00e7aram\u00a0nesta ter\u00e7a-feira, 22, e podem ser feitas at\u00e9 sexta-feira, na p\u00e1gina do Sisu.\u00a0Durante o dia, estudantes reclamaram nas redes sociais da dificuldade em acessar o sistema. Segundo o MEC, a instabilidade foi causada por um grande &#8220;volume de acessos espont\u00e2neos na rede do MEC. O sistema, que nas edi\u00e7\u00f5es anteriores, recebia de 25 a 30 mil acessos simult\u00e2neos, registrou\u00a0hoje\u00a0picos de at\u00e9 350 mil acessos simult\u00e2neos&#8221;.<\/p>\n<p>Se o estudante estiver com dificuldade em\u00a0acessar, a\u00a0recomenda\u00e7\u00e3o \u00e9 que atualize a p\u00e1gina de inscri\u00e7\u00e3o antes de preencher os dados.<\/p>\n<p>Fonte: Ag\u00eancia Brasil<\/p>\n","protected":false},"excerpt":{"rendered":"<p>O Minist\u00e9rio da Educa\u00e7\u00e3o informou em nota divulgada na noite desta ter\u00e7a-feira, 22, que foram adotadas todas as medidas para resolver a lentid\u00e3o no Sistema de Sele\u00e7\u00e3o Unificada (Sisu). O minist\u00e9rio comunicou ainda que as notas de corte de cada curso ser\u00e3o divulgadas em quatro hor\u00e1rios. Nesta tarde, o minist\u00e9rio divulgou as notas de corte [&hellip;]<\/p>\n","protected":false},"author":96,"featured_media":131740,"comment_status":"closed","ping_status":"closed","sticky":false,"template":"","format":"standard","meta":{"footnotes":""},"categories":[302,436,440,262,439],"tags":[],"class_list":["post-131739","post","type-post","status-publish","format-standard","has-post-thumbnail","hentry","category-brasil-mundo","category-destaque-da-semana","category-destaques-do-dia","category-noticias","category-ultima-hora"],"_links":{"self":[{"href":"https:\/\/diarioregionaldigital.com.br\/index.php?rest_route=\/wp\/v2\/posts\/131739","targetHints":{"allow":["GET"]}}],"collection":[{"href":"https:\/\/diarioregionaldigital.com.br\/index.php?rest_route=\/wp\/v2\/posts"}],"about":[{"href":"https:\/\/diarioregionaldigital.com.br\/index.php?rest_route=\/wp\/v2\/types\/post"}],"author":[{"embeddable":true,"href":"https:\/\/diarioregionaldigital.com.br\/index.php?rest_route=\/wp\/v2\/users\/96"}],"replies":[{"embeddable":true,"href":"https:\/\/diarioregionaldigital.com.br\/index.php?rest_route=%2Fwp%2Fv2%2Fcomments&post=131739"}],"version-history":[{"count":0,"href":"https:\/\/diarioregionaldigital.com.br\/index.php?rest_route=\/wp\/v2\/posts\/131739\/revisions"}],"wp:featuredmedia":[{"embeddable":true,"href":"https:\/\/diarioregionaldigital.com.br\/index.php?rest_route=\/wp\/v2\/media\/131740"}],"wp:attachment":[{"href":"https:\/\/diarioregionaldigital.com.br\/index.php?rest_route=%2Fwp%2Fv2%2Fmedia&parent=131739"}],"wp:term":[{"taxonomy":"category","embeddable":true,"href":"https:\/\/diarioregionaldigital.com.br\/index.php?rest_route=%2Fwp%2Fv2%2Fcategories&post=131739"},{"taxonomy":"post_tag","embeddable":true,"href":"https:\/\/diarioregionaldigital.com.br\/index.php?rest_route=%2Fwp%2Fv2%2Ftags&post=131739"}],"curies":[{"name":"wp","href":"https:\/\/api.w.org\/{rel}","templated":true}]}}