{"id":131729,"date":"2019-02-03T01:04:43","date_gmt":"2019-02-03T03:04:43","guid":{"rendered":"https:\/\/diarioregionaldigital.com.br\/?p=131729"},"modified":"2019-01-23T01:16:42","modified_gmt":"2019-01-23T03:16:42","slug":"in-moda-6","status":"publish","type":"post","link":"https:\/\/diarioregionaldigital.com.br\/?p=131729","title":{"rendered":"In Moda"},"content":{"rendered":"<p><span style=\"font-size: 14pt\">QUATRO PASSOS PARA MONTAR UM GUARDA-ROUPA\u00a0 VERS\u00c1TIL!<\/span><\/p>\n<p><span style=\"font-size: 14pt\">Um guarda-roupa vers\u00e1til, pr\u00e1tico e que atenda a todas as nossas necessidades \u00e9 o sonho de todo mundo! Mas n\u00e3o \u00e9 t\u00e3o dif\u00edcil assim realizar esse desejo. Com alguns passos simples voc\u00ea pode ter o arm\u00e1rio cada vez mais vers\u00e1til.<\/span><\/p>\n<p>&nbsp;<\/p>\n<p style=\"text-align: center\">\n<ul>\n<li><span style=\"font-size: 14pt\">Coordene as pe\u00e7as<\/span><\/li>\n<\/ul>\n<p><span style=\"font-size: 14pt\">Antes de sair para comprar, olhe o seu guarda-roupa, as pe\u00e7as que voc\u00ea tem devem definir o tipo de compra que voc\u00ea ir\u00e1 fazer. Enquanto fa\u00e7a uma busca mental, se lembre do que voc\u00ea tem e tente coordenar suas poss\u00edveis novas pe\u00e7as com o que voc\u00ea j\u00e1 tem guardado, inclusive com aquela pe\u00e7a que voc\u00ea quase nunca consegue usar. Dessa forma, voc\u00ea far\u00e1 uma compra inteligente e ainda vai usar suas pe\u00e7as com muito mais efici\u00eancia.<\/span><\/p>\n<p style=\"text-align: center\"><img loading=\"lazy\" decoding=\"async\" class=\"alignnone size-medium wp-image-131731\" src=\"https:\/\/diarioregionaldigital.com.br\/wp-content\/uploads\/2019\/01\/COORDENE-AS-PE\u00c7AS-1-300x200.jpg\" alt=\"\" width=\"300\" height=\"200\" srcset=\"https:\/\/diarioregionaldigital.com.br\/wp-content\/uploads\/2019\/01\/COORDENE-AS-PE\u00c7AS-1-300x200.jpg 300w, https:\/\/diarioregionaldigital.com.br\/wp-content\/uploads\/2019\/01\/COORDENE-AS-PE\u00c7AS-1-768x512.jpg 768w, https:\/\/diarioregionaldigital.com.br\/wp-content\/uploads\/2019\/01\/COORDENE-AS-PE\u00c7AS-1-360x240.jpg 360w, https:\/\/diarioregionaldigital.com.br\/wp-content\/uploads\/2019\/01\/COORDENE-AS-PE\u00c7AS-1.jpg 945w\" sizes=\"auto, (max-width: 300px) 100vw, 300px\" \/><\/p>\n<p>&nbsp;<\/p>\n<ul>\n<li><span style=\"font-size: 14pt\">Se atente \u00e0s pe\u00e7as b\u00e1sicas<\/span><\/li>\n<\/ul>\n<p><span style=\"font-size: 14pt\">Muitas vezes temos um guarda-roupa lotado e continuamos com a sensa\u00e7\u00e3o de que n\u00e3o temos nada para vestir, isso pode acontecer porque n\u00e3o temos roupas b\u00e1sicas, que unem o look como um todo, aquela blusa preta, cinza ou branca, que vai bem com todo o resto. Ter esses itens s\u00e3o a chave para um guarda-roupa que funcione bem entre as pr\u00f3prias pe\u00e7as.<\/span><\/p>\n<p style=\"text-align: center\"><img loading=\"lazy\" decoding=\"async\" class=\"alignnone size-medium wp-image-131722\" src=\"https:\/\/diarioregionaldigital.com.br\/wp-content\/uploads\/2019\/01\/SE-ATENTE-AS-PE\u00c7AS-BASICAS-217x300.jpg\" alt=\"\" width=\"217\" height=\"300\" srcset=\"https:\/\/diarioregionaldigital.com.br\/wp-content\/uploads\/2019\/01\/SE-ATENTE-AS-PE\u00c7AS-BASICAS-217x300.jpg 217w, https:\/\/diarioregionaldigital.com.br\/wp-content\/uploads\/2019\/01\/SE-ATENTE-AS-PE\u00c7AS-BASICAS-360x500.jpg 360w, https:\/\/diarioregionaldigital.com.br\/wp-content\/uploads\/2019\/01\/SE-ATENTE-AS-PE\u00c7AS-BASICAS.jpg 650w\" sizes=\"auto, (max-width: 217px) 100vw, 217px\" \/><\/p>\n<p>&nbsp;<\/p>\n<ul>\n<li><span style=\"font-size: 14pt\">Experimente suas roupas<\/span><\/li>\n<\/ul>\n<p><span style=\"font-size: 14pt\">Ter dificuldade de coordenar as pe\u00e7as na hora de se arrumar \u00e9 comum, e isso pode ser resolvido se voc\u00ea conhecer bem as suas roupas, e saber como elas ficam se combinadas. Experimente suas pe\u00e7as, se proponha a uma nova produ\u00e7\u00e3o. Voc\u00ea pode descobrir que seu arm\u00e1rio \u00e9 mais pr\u00e1tico do que parece.<\/span><\/p>\n<p style=\"text-align: center\">\n<ul>\n<li><span style=\"font-size: 14pt\">Desapegue<\/span><\/li>\n<\/ul>\n<p><span style=\"font-size: 14pt\">Por \u00faltimo e n\u00e3o menos importante: um guarda-roupa organizado \u00e9 a chave do sucesso. Se voc\u00ea n\u00e3o v\u00ea todas as suas pe\u00e7as, voc\u00ea jamais ir\u00e1 us\u00e1-las. E \u00e9 nessa hora que voc\u00ea deve desapegar do que n\u00e3o te agrada mais. \u00c9 hora de abrir espa\u00e7o, para que as pe\u00e7as que voc\u00ea realmente precisa entrem.<\/span><\/p>\n<p style=\"text-align: center\"><img loading=\"lazy\" decoding=\"async\" class=\"alignnone size-medium wp-image-131733\" src=\"https:\/\/diarioregionaldigital.com.br\/wp-content\/uploads\/2019\/01\/DESAPEGUE-1-300x300.jpg\" alt=\"\" width=\"300\" height=\"300\" srcset=\"https:\/\/diarioregionaldigital.com.br\/wp-content\/uploads\/2019\/01\/DESAPEGUE-1-300x300.jpg 300w, https:\/\/diarioregionaldigital.com.br\/wp-content\/uploads\/2019\/01\/DESAPEGUE-1-150x150.jpg 150w, https:\/\/diarioregionaldigital.com.br\/wp-content\/uploads\/2019\/01\/DESAPEGUE-1-180x180.jpg 180w, https:\/\/diarioregionaldigital.com.br\/wp-content\/uploads\/2019\/01\/DESAPEGUE-1-120x120.jpg 120w, https:\/\/diarioregionaldigital.com.br\/wp-content\/uploads\/2019\/01\/DESAPEGUE-1.jpg 600w, https:\/\/diarioregionaldigital.com.br\/wp-content\/uploads\/2019\/01\/DESAPEGUE-1-360x360.jpg 360w, https:\/\/diarioregionaldigital.com.br\/wp-content\/uploads\/2019\/01\/DESAPEGUE-1-80x80.jpg 80w\" sizes=\"auto, (max-width: 300px) 100vw, 300px\" \/><\/p>\n<p>&nbsp;<\/p>\n<p><span style=\"font-size: 14pt\"><strong>CLICK IN MODA<\/strong><\/span><\/p>\n<p><span style=\"font-size: 14pt\">Aninha Calixto para o olhar de Esther Tim\u00f3teo no click da semana. O look \u00e9 de Drop\u2019s e beleza assinada por equipe Jael Pifano.<\/span><\/p>\n<p style=\"text-align: center\"><img loading=\"lazy\" decoding=\"async\" class=\"alignnone size-medium wp-image-131730\" src=\"https:\/\/diarioregionaldigital.com.br\/wp-content\/uploads\/2019\/01\/CLICK-IN-MODA-1-200x300.jpeg\" alt=\"\" width=\"200\" height=\"300\" srcset=\"https:\/\/diarioregionaldigital.com.br\/wp-content\/uploads\/2019\/01\/CLICK-IN-MODA-1-200x300.jpeg 200w, https:\/\/diarioregionaldigital.com.br\/wp-content\/uploads\/2019\/01\/CLICK-IN-MODA-1-768x1152.jpeg 768w, https:\/\/diarioregionaldigital.com.br\/wp-content\/uploads\/2019\/01\/CLICK-IN-MODA-1-682x1024.jpeg 682w, https:\/\/diarioregionaldigital.com.br\/wp-content\/uploads\/2019\/01\/CLICK-IN-MODA-1-360x540.jpeg 360w, https:\/\/diarioregionaldigital.com.br\/wp-content\/uploads\/2019\/01\/CLICK-IN-MODA-1.jpeg 853w\" sizes=\"auto, (max-width: 200px) 100vw, 200px\" \/><\/p>\n<p><span style=\"font-size: 14pt\">O GUIA DA N\u00c9CESSAIRE PERFEITA<\/span><\/p>\n<p><span style=\"font-size: 14pt\">E j\u00e1 que estamos falando de praticidade, muita gente ainda tem dificuldades na hora de se maquiar, mesmo com v\u00e1rios tutoriais e passo a passo em todos os estilos dispon\u00edveis nas redes sociais. Um erro muito comum pode ser o ponto de partida: os produtos errados ou em excesso. Por isso, que tal fazer um check list na sua n\u00e9cessaire e resolver de vez esse tabu?<\/span><\/p>\n<p><img loading=\"lazy\" decoding=\"async\" class=\"alignnone size-medium wp-image-131734 aligncenter\" src=\"https:\/\/diarioregionaldigital.com.br\/wp-content\/uploads\/2019\/01\/BASE-CORRETIVO-1-205x300.jpg\" alt=\"\" width=\"205\" height=\"300\" srcset=\"https:\/\/diarioregionaldigital.com.br\/wp-content\/uploads\/2019\/01\/BASE-CORRETIVO-1-205x300.jpg 205w, https:\/\/diarioregionaldigital.com.br\/wp-content\/uploads\/2019\/01\/BASE-CORRETIVO-1.jpg 236w\" sizes=\"auto, (max-width: 205px) 100vw, 205px\" \/><\/p>\n<p><span style=\"font-size: 14pt\">A base + corretivo ideais<\/span><\/p>\n<p><span style=\"font-size: 14pt\">N\u00e3o adianta ter v\u00e1rias bases e corretivos na sua n\u00e9cessaire se nenhum deles atende bem \u00e0 sua pele. Seja a cor, acabamento (matte ou hidradante) e f\u00f3rmula, os produtos devem estar em equil\u00edbrio com a sua pele, pois s\u00e3o eles que v\u00e3o determinar o resultado final da sua make. Os itens que merecem o maior investimento em qualidade, e n\u00e3o quantidade.<\/span><\/p>\n<p>&nbsp;<\/p>\n<p><span style=\"font-size: 14pt\">M\u00e1scara de c\u00edlios<\/span><\/p>\n<p><span style=\"font-size: 14pt\">\u00c9 fato: uma pele bem feita, um batom e m\u00e1scara de c\u00edlios \u00e9 o que voc\u00ea precisa todo dia pela manh\u00e3. A m\u00e1scara levanta o olhar, \u00e9 aquele produto coringa, que voc\u00ea leva na bolsa e pode salvar a express\u00e3o cansada no fim do dia.<\/span><\/p>\n<p style=\"text-align: center\"><img loading=\"lazy\" decoding=\"async\" class=\"alignnone size-medium wp-image-131735\" src=\"https:\/\/diarioregionaldigital.com.br\/wp-content\/uploads\/2019\/01\/M\u00c1SCARA-DE-C\u00cdCLIOS-1-300x225.jpg\" alt=\"\" width=\"300\" height=\"225\" srcset=\"https:\/\/diarioregionaldigital.com.br\/wp-content\/uploads\/2019\/01\/M\u00c1SCARA-DE-C\u00cdCLIOS-1-300x225.jpg 300w, https:\/\/diarioregionaldigital.com.br\/wp-content\/uploads\/2019\/01\/M\u00c1SCARA-DE-C\u00cdCLIOS-1-768x576.jpg 768w, https:\/\/diarioregionaldigital.com.br\/wp-content\/uploads\/2019\/01\/M\u00c1SCARA-DE-C\u00cdCLIOS-1-1024x768.jpg 1024w, https:\/\/diarioregionaldigital.com.br\/wp-content\/uploads\/2019\/01\/M\u00c1SCARA-DE-C\u00cdCLIOS-1-360x270.jpg 360w, https:\/\/diarioregionaldigital.com.br\/wp-content\/uploads\/2019\/01\/M\u00c1SCARA-DE-C\u00cdCLIOS-1.jpg 2000w\" sizes=\"auto, (max-width: 300px) 100vw, 300px\" \/><\/p>\n<p><span style=\"font-size: 14pt\">Blush<\/span><\/p>\n<p><span style=\"font-size: 14pt\">Para quem n\u00e3o \u00e9 um expert no assunto, o blush ideal \u00e9 aquele mais natural poss\u00edvel, sem perigo de deixar as famosas \u201cchineladas\u201d marcadas na maquiagem. O objetivo principal desse produto \u00e9 dar aquele ar de sa\u00fade, ent\u00e3o muito cuidado na hora de escolher a cor do seu blush, ele tem o poder de deixar sua maquiagem super natural ou denunciar completamente o look.<\/span><\/p>\n<p>&nbsp;<\/p>\n<p style=\"text-align: center\"><img loading=\"lazy\" decoding=\"async\" class=\"alignnone size-medium wp-image-131736\" src=\"https:\/\/diarioregionaldigital.com.br\/wp-content\/uploads\/2019\/01\/BLUSH-1-300x300.jpg\" alt=\"\" width=\"300\" height=\"300\" srcset=\"https:\/\/diarioregionaldigital.com.br\/wp-content\/uploads\/2019\/01\/BLUSH-1-300x300.jpg 300w, https:\/\/diarioregionaldigital.com.br\/wp-content\/uploads\/2019\/01\/BLUSH-1-150x150.jpg 150w, https:\/\/diarioregionaldigital.com.br\/wp-content\/uploads\/2019\/01\/BLUSH-1-180x180.jpg 180w, https:\/\/diarioregionaldigital.com.br\/wp-content\/uploads\/2019\/01\/BLUSH-1-120x120.jpg 120w, https:\/\/diarioregionaldigital.com.br\/wp-content\/uploads\/2019\/01\/BLUSH-1-360x360.jpg 360w, https:\/\/diarioregionaldigital.com.br\/wp-content\/uploads\/2019\/01\/BLUSH-1-80x80.jpg 80w, https:\/\/diarioregionaldigital.com.br\/wp-content\/uploads\/2019\/01\/BLUSH-1.jpg 500w\" sizes=\"auto, (max-width: 300px) 100vw, 300px\" \/><\/p>\n<p><span style=\"font-size: 14pt\">Com esses itens e mais um batom da sua escolha, voc\u00ea j\u00e1 est\u00e1 pronta para qualquer\u00a0 ocasi\u00e3o do seu dia a dia, e agora voc\u00ea pode complementar sua n\u00e9cessaire com iluminadores, bronzer, sombras e o que mais te inspirar. O mundo da maquiagem \u00e9 infinito e cheio de possibilidades.<\/span><\/p>\n<p>&nbsp;<\/p>\n<p style=\"text-align: right\"><strong>Colaboradoras:<\/strong><\/p>\n<p style=\"text-align: right\">Deusiane Ladeira<\/p>\n<p style=\"text-align: right\">Izabella Assis<\/p>\n<p style=\"text-align: right\">Mariana Matos<\/p>\n","protected":false},"excerpt":{"rendered":"<p>QUATRO PASSOS PARA MONTAR UM GUARDA-ROUPA\u00a0 VERS\u00c1TIL! Um guarda-roupa vers\u00e1til, pr\u00e1tico e que atenda a todas as nossas necessidades \u00e9 o sonho de todo mundo! Mas n\u00e3o \u00e9 t\u00e3o dif\u00edcil assim realizar esse desejo. Com alguns passos simples voc\u00ea pode ter o arm\u00e1rio cada vez mais vers\u00e1til. &nbsp; Coordene as pe\u00e7as Antes de sair para [&hellip;]<\/p>\n","protected":false},"author":96,"featured_media":131720,"comment_status":"closed","ping_status":"closed","sticky":false,"template":"","format":"standard","meta":{"footnotes":""},"categories":[285],"tags":[],"class_list":["post-131729","post","type-post","status-publish","format-standard","has-post-thumbnail","hentry","category-moda-ana-paula-calixto"],"_links":{"self":[{"href":"https:\/\/diarioregionaldigital.com.br\/index.php?rest_route=\/wp\/v2\/posts\/131729","targetHints":{"allow":["GET"]}}],"collection":[{"href":"https:\/\/diarioregionaldigital.com.br\/index.php?rest_route=\/wp\/v2\/posts"}],"about":[{"href":"https:\/\/diarioregionaldigital.com.br\/index.php?rest_route=\/wp\/v2\/types\/post"}],"author":[{"embeddable":true,"href":"https:\/\/diarioregionaldigital.com.br\/index.php?rest_route=\/wp\/v2\/users\/96"}],"replies":[{"embeddable":true,"href":"https:\/\/diarioregionaldigital.com.br\/index.php?rest_route=%2Fwp%2Fv2%2Fcomments&post=131729"}],"version-history":[{"count":0,"href":"https:\/\/diarioregionaldigital.com.br\/index.php?rest_route=\/wp\/v2\/posts\/131729\/revisions"}],"wp:featuredmedia":[{"embeddable":true,"href":"https:\/\/diarioregionaldigital.com.br\/index.php?rest_route=\/wp\/v2\/media\/131720"}],"wp:attachment":[{"href":"https:\/\/diarioregionaldigital.com.br\/index.php?rest_route=%2Fwp%2Fv2%2Fmedia&parent=131729"}],"wp:term":[{"taxonomy":"category","embeddable":true,"href":"https:\/\/diarioregionaldigital.com.br\/index.php?rest_route=%2Fwp%2Fv2%2Fcategories&post=131729"},{"taxonomy":"post_tag","embeddable":true,"href":"https:\/\/diarioregionaldigital.com.br\/index.php?rest_route=%2Fwp%2Fv2%2Ftags&post=131729"}],"curies":[{"name":"wp","href":"https:\/\/api.w.org\/{rel}","templated":true}]}}