{"id":131712,"date":"2019-01-27T00:49:26","date_gmt":"2019-01-27T02:49:26","guid":{"rendered":"https:\/\/diarioregionaldigital.com.br\/?p=131712"},"modified":"2019-01-23T01:04:13","modified_gmt":"2019-01-23T03:04:13","slug":"in-moda-5","status":"publish","type":"post","link":"https:\/\/diarioregionaldigital.com.br\/?p=131712","title":{"rendered":"In Moda"},"content":{"rendered":"<p><span style=\"font-size: 14pt\"><strong>TRENDS<\/strong><\/span><\/p>\n<p><span style=\"font-size: 14pt\"><strong>Biker Shorts<\/strong><\/span><\/p>\n<p><span style=\"font-size: 14pt\">As bermudas ciclistas tomaram as passarelas! A pe\u00e7a que j\u00e1 foi hit nos anos 90 por exemplo est\u00e3o de volta e parecem ficam por um bom tempo, gra\u00e7as \u00e0 grande ades\u00e3o das marcas. Elas voltaram reformuladas, com animal print por exemplo, e acompanhadas de uma outra ted\u00eancia feminina, as roupas mais estruturadas.<\/span><\/p>\n<p><img loading=\"lazy\" decoding=\"async\" class=\"size-medium wp-image-131715\" src=\"https:\/\/diarioregionaldigital.com.br\/wp-content\/uploads\/2019\/01\/BIKER-SHORTS-300x169.jpg\" alt=\"\" width=\"300\" height=\"169\" srcset=\"https:\/\/diarioregionaldigital.com.br\/wp-content\/uploads\/2019\/01\/BIKER-SHORTS-300x169.jpg 300w, https:\/\/diarioregionaldigital.com.br\/wp-content\/uploads\/2019\/01\/BIKER-SHORTS-768x432.jpg 768w, https:\/\/diarioregionaldigital.com.br\/wp-content\/uploads\/2019\/01\/BIKER-SHORTS-360x203.jpg 360w, https:\/\/diarioregionaldigital.com.br\/wp-content\/uploads\/2019\/01\/BIKER-SHORTS.jpg 960w\" sizes=\"auto, (max-width: 300px) 100vw, 300px\" \/><\/p>\n<p>&nbsp;<\/p>\n<p><span style=\"font-size: 14pt\"><strong>La\u00e7os<\/strong><\/span><\/p>\n<p><span style=\"font-size: 14pt\">Os la\u00e7os chegaram aos poucos e foram se consolidando nas produ\u00e7\u00f5es. O detalhe super feminino agora ganhou uma nova cara, sendo mais dram\u00e1tico, agradando a todos os gostos. Nos cabelos, ombros, cinturas, o la\u00e7os prometem at\u00e9m mesmo para as pr\u00f3ximas esta\u00e7\u00f5es.<\/span><\/p>\n<p style=\"text-align: center\"><img loading=\"lazy\" decoding=\"async\" class=\"alignnone size-medium wp-image-131716\" src=\"https:\/\/diarioregionaldigital.com.br\/wp-content\/uploads\/2019\/01\/LA\u00c7OS-225x300.jpg\" alt=\"\" width=\"225\" height=\"300\" srcset=\"https:\/\/diarioregionaldigital.com.br\/wp-content\/uploads\/2019\/01\/LA\u00c7OS-225x300.jpg 225w, https:\/\/diarioregionaldigital.com.br\/wp-content\/uploads\/2019\/01\/LA\u00c7OS-360x480.jpg 360w, https:\/\/diarioregionaldigital.com.br\/wp-content\/uploads\/2019\/01\/LA\u00c7OS.jpg 650w\" sizes=\"auto, (max-width: 225px) 100vw, 225px\" \/><\/p>\n<p>&nbsp;<\/p>\n<p><span style=\"font-size: 14pt\"><strong>CLICK IN MODA<\/strong><\/span><\/p>\n<p><span style=\"font-size: 14pt\">O click da semana \u00e9 da bel\u00edssima Let\u00edcia Renault, com produ\u00e7\u00e3o de Mariana Matos, usando pe\u00e7as da Imp\u00e9rio do Corpo. O click \u00e9 das lentes de Esther Tim\u00f3teo.<\/span><\/p>\n<p style=\"text-align: center\"><img loading=\"lazy\" decoding=\"async\" class=\"alignnone size-medium wp-image-131714\" src=\"https:\/\/diarioregionaldigital.com.br\/wp-content\/uploads\/2019\/01\/CLICK-IN-MODA-2-200x300.jpg\" alt=\"\" width=\"200\" height=\"300\" srcset=\"https:\/\/diarioregionaldigital.com.br\/wp-content\/uploads\/2019\/01\/CLICK-IN-MODA-2-200x300.jpg 200w, https:\/\/diarioregionaldigital.com.br\/wp-content\/uploads\/2019\/01\/CLICK-IN-MODA-2-768x1152.jpg 768w, https:\/\/diarioregionaldigital.com.br\/wp-content\/uploads\/2019\/01\/CLICK-IN-MODA-2-682x1024.jpg 682w, https:\/\/diarioregionaldigital.com.br\/wp-content\/uploads\/2019\/01\/CLICK-IN-MODA-2-360x540.jpg 360w, https:\/\/diarioregionaldigital.com.br\/wp-content\/uploads\/2019\/01\/CLICK-IN-MODA-2.jpg 853w\" sizes=\"auto, (max-width: 200px) 100vw, 200px\" \/><\/p>\n<p><span style=\"font-size: 14pt\"><strong>QUEM L\u00ca SABE MAIS<\/strong><\/span><\/p>\n<p><span style=\"font-size: 14pt\">#Girlboss &#8211; Sophia Amoruso<\/span><\/p>\n<p><span style=\"font-size: 14pt\">A indica\u00e7\u00e3o de livro desse m\u00eas \u00e9 uma motiva\u00e7\u00e3o e tanta! A obra \u00e9 uma biografia apaixonante para os amantes de moda: Sophia Amoruso passou a adolesc\u00eancia viajando de carona, revirando lixo e at\u00e9 furtando para sobreviver, at\u00e9 que a partir de uma grande ideia, se tornou o que \u00e9 hoje, fundadora, CEO e diretora criativa da Nasty Gal, uma loja virtual que vale mais de 100 milh\u00f5es de d\u00f3lares! #Girlboss \u00e9 a leitura que voc\u00ea precisa para colocar aquele projeto pra funcionar.<\/span><\/p>\n<p style=\"text-align: center\"><img loading=\"lazy\" decoding=\"async\" class=\"alignnone size-medium wp-image-131727\" src=\"https:\/\/diarioregionaldigital.com.br\/wp-content\/uploads\/2019\/01\/QUEM-LE-SABE-MAIS-1-300x200.jpg\" alt=\"\" width=\"300\" height=\"200\" srcset=\"https:\/\/diarioregionaldigital.com.br\/wp-content\/uploads\/2019\/01\/QUEM-LE-SABE-MAIS-1-300x200.jpg 300w, https:\/\/diarioregionaldigital.com.br\/wp-content\/uploads\/2019\/01\/QUEM-LE-SABE-MAIS-1-768x512.jpg 768w, https:\/\/diarioregionaldigital.com.br\/wp-content\/uploads\/2019\/01\/QUEM-LE-SABE-MAIS-1-360x240.jpg 360w, https:\/\/diarioregionaldigital.com.br\/wp-content\/uploads\/2019\/01\/QUEM-LE-SABE-MAIS-1.jpg 1000w\" sizes=\"auto, (max-width: 300px) 100vw, 300px\" \/><\/p>\n<p>&nbsp;<\/p>\n<p><span style=\"font-size: 14pt\"><strong>OFICCE LOOK DE VER\u00c3O<\/strong><\/span><\/p>\n<p><span style=\"font-size: 14pt\">O ano j\u00e1 come\u00e7ou com tudo! Os dias s\u00e3o quentes e ensolarados o que muitas vezes dificulta na escolha do look de trabalho. Por isso vamos te dar algumas dicas de como montar um oficce look fresquinho e confort\u00e1vel.<\/span><\/p>\n<p>&nbsp;<\/p>\n<p><span style=\"font-size: 14pt\"><strong>SAIAS<\/strong><\/span><\/p>\n<p><span style=\"font-size: 14pt\">\u00a0Para um look confort\u00e1vel, as saias s\u00e3o uma \u00f3tima pedida. Aposte no comprimento midi, seja em modelagens plissadas ou at\u00e9 mesmo l\u00e1pis. Al\u00e9m de\u00a0 elegante a pe\u00e7a \u00e9 tamb\u00e9m muito vers\u00e1til.<\/span><\/p>\n<p>&nbsp;<\/p>\n<p style=\"text-align: center\"><img loading=\"lazy\" decoding=\"async\" class=\"alignnone size-medium wp-image-131718\" src=\"https:\/\/diarioregionaldigital.com.br\/wp-content\/uploads\/2019\/01\/SAIAS-272x300.jpg\" alt=\"\" width=\"272\" height=\"300\" srcset=\"https:\/\/diarioregionaldigital.com.br\/wp-content\/uploads\/2019\/01\/SAIAS-272x300.jpg 272w, https:\/\/diarioregionaldigital.com.br\/wp-content\/uploads\/2019\/01\/SAIAS-768x848.jpg 768w, https:\/\/diarioregionaldigital.com.br\/wp-content\/uploads\/2019\/01\/SAIAS-360x397.jpg 360w, https:\/\/diarioregionaldigital.com.br\/wp-content\/uploads\/2019\/01\/SAIAS.jpg 811w\" sizes=\"auto, (max-width: 272px) 100vw, 272px\" \/><\/p>\n<p>&nbsp;<\/p>\n<p><span style=\"font-size: 14pt\"><strong>PE\u00c7AS \u00daNICAS <\/strong><\/span><\/p>\n<p><span style=\"font-size: 14pt\">As pe\u00e7as \u00fanicas, como vestidos e macac\u00f5es s\u00e3o perfeitas para os dias de pregui\u00e7a fashion. S\u00e3o fac\u00e9is de combinar e ainda s\u00e3o super estilosas. Escolha sempre cores claras que ajudem a compor um look fresquinho.<\/span><\/p>\n<p style=\"text-align: center\"><img loading=\"lazy\" decoding=\"async\" class=\"alignnone size-medium wp-image-131719\" src=\"https:\/\/diarioregionaldigital.com.br\/wp-content\/uploads\/2019\/01\/PE\u00c7AS-UNICAS-200x300.jpeg\" alt=\"\" width=\"200\" height=\"300\" srcset=\"https:\/\/diarioregionaldigital.com.br\/wp-content\/uploads\/2019\/01\/PE\u00c7AS-UNICAS-200x300.jpeg 200w, https:\/\/diarioregionaldigital.com.br\/wp-content\/uploads\/2019\/01\/PE\u00c7AS-UNICAS-768x1152.jpeg 768w, https:\/\/diarioregionaldigital.com.br\/wp-content\/uploads\/2019\/01\/PE\u00c7AS-UNICAS-683x1024.jpeg 683w, https:\/\/diarioregionaldigital.com.br\/wp-content\/uploads\/2019\/01\/PE\u00c7AS-UNICAS-360x540.jpeg 360w, https:\/\/diarioregionaldigital.com.br\/wp-content\/uploads\/2019\/01\/PE\u00c7AS-UNICAS.jpeg 1200w\" sizes=\"auto, (max-width: 200px) 100vw, 200px\" \/><\/p>\n<p>&nbsp;<\/p>\n<p><span style=\"font-size: 14pt\"><strong>CAL\u00c7AS<\/strong><\/span><\/p>\n<p><span style=\"font-size: 14pt\">Se voc\u00ea \u00e9 do tipo que n\u00e3o abre m\u00e3o de usar cal\u00e7as, existem ainda os modelos em tecidos bem fresquinhos como por exemplo o linho. Modelagens confortaveis como a cal\u00e7a cenoura ou at\u00e9 mesmo a pantacourt tamb\u00e9m s\u00e3o \u00f3timas op\u00e7\u00f5es.<\/span><\/p>\n<p>&nbsp;<\/p>\n<p><span style=\"font-size: 14pt\"><strong>FASHION NEWS<\/strong><\/span><\/p>\n<p><span style=\"font-size: 14pt\"><strong>TOMMY HILFIGER + <\/strong><strong>SUSTENTABILIDADE<\/strong><\/span><\/p>\n<p>&nbsp;<\/p>\n<p><span style=\"font-size: 14pt\">A marca Tommy Hilfiger anunciou nesta segunda-feira ( 21\/01), que lan\u00e7ar\u00e1 uma linha de jeans sustent\u00e1veis. A produ\u00e7\u00e3o de um jeans normal pode gastar 11 mil litros de \u00e1gua. O projeto da marca visa uma produ\u00e7ao com algod\u00e3o 100%, muito similar com o que estamos habituados, por\u00e9m demanda menos quantidade de \u00e1gua e tem uma produ\u00e7ao inferior de CO2. Al\u00e9m disso a marca pretende usar garrafas pl\u00e1sticas e bot\u00f5es reaproveitados.<\/span><\/p>\n<p style=\"text-align: center\"><img loading=\"lazy\" decoding=\"async\" class=\"alignnone size-medium wp-image-131713\" src=\"https:\/\/diarioregionaldigital.com.br\/wp-content\/uploads\/2019\/01\/TOMMY-HILFIGER-SUSTENTABILIDADE-300x191.jpg\" alt=\"\" width=\"300\" height=\"191\" srcset=\"https:\/\/diarioregionaldigital.com.br\/wp-content\/uploads\/2019\/01\/TOMMY-HILFIGER-SUSTENTABILIDADE-300x191.jpg 300w, https:\/\/diarioregionaldigital.com.br\/wp-content\/uploads\/2019\/01\/TOMMY-HILFIGER-SUSTENTABILIDADE-360x230.jpg 360w, https:\/\/diarioregionaldigital.com.br\/wp-content\/uploads\/2019\/01\/TOMMY-HILFIGER-SUSTENTABILIDADE-490x310.jpg 490w, https:\/\/diarioregionaldigital.com.br\/wp-content\/uploads\/2019\/01\/TOMMY-HILFIGER-SUSTENTABILIDADE.jpg 720w\" sizes=\"auto, (max-width: 300px) 100vw, 300px\" \/><\/p>\n<p style=\"text-align: right\"><strong>Colaboradoras:<\/strong><\/p>\n<p style=\"text-align: right\">Deusiane Ladeira<\/p>\n<p style=\"text-align: right\">Izabella Assis<\/p>\n<p style=\"text-align: right\">Mariana Matos<\/p>\n","protected":false},"excerpt":{"rendered":"<p>TRENDS Biker Shorts As bermudas ciclistas tomaram as passarelas! A pe\u00e7a que j\u00e1 foi hit nos anos 90 por exemplo est\u00e3o de volta e parecem ficam por um bom tempo, gra\u00e7as \u00e0 grande ades\u00e3o das marcas. Elas voltaram reformuladas, com animal print por exemplo, e acompanhadas de uma outra ted\u00eancia feminina, as roupas mais estruturadas. [&hellip;]<\/p>\n","protected":false},"author":96,"featured_media":131715,"comment_status":"closed","ping_status":"closed","sticky":false,"template":"","format":"standard","meta":{"footnotes":""},"categories":[285],"tags":[],"class_list":["post-131712","post","type-post","status-publish","format-standard","has-post-thumbnail","hentry","category-moda-ana-paula-calixto"],"_links":{"self":[{"href":"https:\/\/diarioregionaldigital.com.br\/index.php?rest_route=\/wp\/v2\/posts\/131712","targetHints":{"allow":["GET"]}}],"collection":[{"href":"https:\/\/diarioregionaldigital.com.br\/index.php?rest_route=\/wp\/v2\/posts"}],"about":[{"href":"https:\/\/diarioregionaldigital.com.br\/index.php?rest_route=\/wp\/v2\/types\/post"}],"author":[{"embeddable":true,"href":"https:\/\/diarioregionaldigital.com.br\/index.php?rest_route=\/wp\/v2\/users\/96"}],"replies":[{"embeddable":true,"href":"https:\/\/diarioregionaldigital.com.br\/index.php?rest_route=%2Fwp%2Fv2%2Fcomments&post=131712"}],"version-history":[{"count":0,"href":"https:\/\/diarioregionaldigital.com.br\/index.php?rest_route=\/wp\/v2\/posts\/131712\/revisions"}],"wp:featuredmedia":[{"embeddable":true,"href":"https:\/\/diarioregionaldigital.com.br\/index.php?rest_route=\/wp\/v2\/media\/131715"}],"wp:attachment":[{"href":"https:\/\/diarioregionaldigital.com.br\/index.php?rest_route=%2Fwp%2Fv2%2Fmedia&parent=131712"}],"wp:term":[{"taxonomy":"category","embeddable":true,"href":"https:\/\/diarioregionaldigital.com.br\/index.php?rest_route=%2Fwp%2Fv2%2Fcategories&post=131712"},{"taxonomy":"post_tag","embeddable":true,"href":"https:\/\/diarioregionaldigital.com.br\/index.php?rest_route=%2Fwp%2Fv2%2Ftags&post=131712"}],"curies":[{"name":"wp","href":"https:\/\/api.w.org\/{rel}","templated":true}]}}