{"id":131703,"date":"2019-01-22T22:27:56","date_gmt":"2019-01-23T00:27:56","guid":{"rendered":"https:\/\/diarioregionaldigital.com.br\/?p=131703"},"modified":"2019-01-22T22:27:56","modified_gmt":"2019-01-23T00:27:56","slug":"na-granja-comary-marta-vai-as-lagrimas-em-entrevista-coletiva","status":"publish","type":"post","link":"https:\/\/diarioregionaldigital.com.br\/?p=131703","title":{"rendered":"Na Granja Comary, Marta vai \u00e0s l\u00e1grimas em entrevista coletiva"},"content":{"rendered":"<p>Na segunda-feira, 21, foi de Coletiva Real na Granja Comary, em Teres\u00f3polis (RJ). Ap\u00f3s o treino do grupo que se prepara para a Copa do Mundo da Fran\u00e7a, em junho, a Rainha Marta conversou com os jornalistas presentes no CT da Sele\u00e7\u00e3o Brasileira. Em um papo bastante descontra\u00eddo, a melhor jogadora do mundo come\u00e7ou brincando sobre o almo\u00e7o (a conversa ocorreu pouco antes das 12h) e foi do riso frouxo ao choro de emo\u00e7\u00e3o em cerca de 20 minutos de perguntas e respostas.<\/p>\n<p>O ponto alto da conversa aconteceu quando as l\u00e1grimas rolaram do rosto da Rainha. Quando um jornalista pediu para Marta tra\u00e7ar um paralelo da primeira vez que esteve na Granja at\u00e9 o dia de hoje, a camisa 10 lembrou de outros grandes nomes do futebol feminino e emocionou-se pelo desenvolvimento da modalidade.<\/p>\n<p>\u201cVoltar aqui na Granja e ver como tudo mudou. Ver que realmente nossa modalidade est\u00e1 crescendo porque a Formiga come\u00e7ou h\u00e1 25 anos, pela Pretinha, h\u00e1 30 anos. N\u00e3o \u00e9 uma coisa que acontece de um dia para o outro. Para n\u00f3s que estamos voltadas para essa luta, isso \u00e9 muito melhor que um t\u00edtulo\u201d, declarou.<\/p>\n<p>Marta tamb\u00e9m destacou o que representa atualmente para o futebol feminino. A craque da Sele\u00e7\u00e3o Brasileira exaltou o apoio que as atletas mais experientes, como Formiga e Cristiane, conseguem passar para a jogadoras que est\u00e3o iniciando a trajet\u00f3ria com a Amarelinha.<\/p>\n<p>\u201cNossa participa\u00e7\u00e3o requer tamb\u00e9m a experi\u00eancia. Usar isto de uma forma positiva. Ajudar as meninas que est\u00e3o chegando agora. A gente faz isso muito bem. Precisamos que elas sintam-se melhores. Contar com a Cristiane e a Formiga \u00e9 uma motiva\u00e7\u00e3o a mais. Muito importante para equipe\u201d, acrescentou.<\/p>\n<p>A Copa do Mundo foi o tema central da entrevista coletiva. Na Fran\u00e7a, caso seja convocada pelo t\u00e9cnico Vad\u00e3o para a lista final, Marta vai disputar o quinto mundial da carreira. A craque lembrou da primeira Copa que disputou, h\u00e1 16 anos, e falou sobre as mudan\u00e7as que passou desde ent\u00e3o.<\/p>\n<p>\u201cCansava menos, n\u00e9? (Risos). Isso \u00e9 n\u00edtido! Era um futuro meio incerto naquela \u00e9poca. N\u00e3o imaginava que tudo isso ia acontecer. A diferen\u00e7a maior \u00e9 a quest\u00e3o f\u00edsica. Nem sempre vamos dar dez piques. Mas a vontade de vencer, a gana, \u00e9 a mesma. Mas a diferen\u00e7a mesmo \u00e9 o f\u00edsico\u201d, afirmou.<\/p>\n<p><strong>Fonte: CBF<\/strong><\/p>\n","protected":false},"excerpt":{"rendered":"<p>Na segunda-feira, 21, foi de Coletiva Real na Granja Comary, em Teres\u00f3polis (RJ). Ap\u00f3s o treino do grupo que se prepara para a Copa do Mundo da Fran\u00e7a, em junho, a Rainha Marta conversou com os jornalistas presentes no CT da Sele\u00e7\u00e3o Brasileira. Em um papo bastante descontra\u00eddo, a melhor jogadora do mundo come\u00e7ou brincando [&hellip;]<\/p>\n","protected":false},"author":96,"featured_media":131704,"comment_status":"closed","ping_status":"closed","sticky":false,"template":"","format":"standard","meta":{"footnotes":""},"categories":[257,439],"tags":[],"class_list":["post-131703","post","type-post","status-publish","format-standard","has-post-thumbnail","hentry","category-esporte","category-ultima-hora"],"_links":{"self":[{"href":"https:\/\/diarioregionaldigital.com.br\/index.php?rest_route=\/wp\/v2\/posts\/131703","targetHints":{"allow":["GET"]}}],"collection":[{"href":"https:\/\/diarioregionaldigital.com.br\/index.php?rest_route=\/wp\/v2\/posts"}],"about":[{"href":"https:\/\/diarioregionaldigital.com.br\/index.php?rest_route=\/wp\/v2\/types\/post"}],"author":[{"embeddable":true,"href":"https:\/\/diarioregionaldigital.com.br\/index.php?rest_route=\/wp\/v2\/users\/96"}],"replies":[{"embeddable":true,"href":"https:\/\/diarioregionaldigital.com.br\/index.php?rest_route=%2Fwp%2Fv2%2Fcomments&post=131703"}],"version-history":[{"count":0,"href":"https:\/\/diarioregionaldigital.com.br\/index.php?rest_route=\/wp\/v2\/posts\/131703\/revisions"}],"wp:featuredmedia":[{"embeddable":true,"href":"https:\/\/diarioregionaldigital.com.br\/index.php?rest_route=\/wp\/v2\/media\/131704"}],"wp:attachment":[{"href":"https:\/\/diarioregionaldigital.com.br\/index.php?rest_route=%2Fwp%2Fv2%2Fmedia&parent=131703"}],"wp:term":[{"taxonomy":"category","embeddable":true,"href":"https:\/\/diarioregionaldigital.com.br\/index.php?rest_route=%2Fwp%2Fv2%2Fcategories&post=131703"},{"taxonomy":"post_tag","embeddable":true,"href":"https:\/\/diarioregionaldigital.com.br\/index.php?rest_route=%2Fwp%2Fv2%2Ftags&post=131703"}],"curies":[{"name":"wp","href":"https:\/\/api.w.org\/{rel}","templated":true}]}}