{"id":131690,"date":"2019-01-22T19:41:39","date_gmt":"2019-01-22T21:41:39","guid":{"rendered":"https:\/\/diarioregionaldigital.com.br\/?p=131690"},"modified":"2019-01-22T19:43:06","modified_gmt":"2019-01-22T21:43:06","slug":"hospital-universitario-da-ufjf-realiza-atividades-de-prevencao-e-conscientizacao-sobre-a-hanseniase","status":"publish","type":"post","link":"https:\/\/diarioregionaldigital.com.br\/?p=131690","title":{"rendered":"Hospital Universit\u00e1rio da UFJF realiza atividades de preven\u00e7\u00e3o e conscientiza\u00e7\u00e3o sobre a Hansen\u00edase"},"content":{"rendered":"<p>O \u201cJaneiro Roxo\u201d \u00e9 marcado como m\u00eas de combate e preven\u00e7\u00e3o para o tratamento precoce e enfrentamento da Hansen\u00edase, considerada uma das doen\u00e7as mais antigas da humanidade.<\/p>\n<p>De acordo com dados do Minist\u00e9rio da Sa\u00fade, em 2016 mais de 28.000 novos casos da doen\u00e7a foram registrados no Brasil. Ainda no mesmo ano, o Minist\u00e9rio oficializou o m\u00eas de\u00a0janeiro e\u00a0consolidou a cor\u00a0roxa\u00a0para\u00a0campanhas\u00a0educativas sobre a hansen\u00edase. Durante todo o m\u00eas, s\u00e3o promovidas a\u00e7\u00f5es de conscientiza\u00e7\u00e3o sobre a doen\u00e7a para marcar o Dia Nacional de Combate e Preven\u00e7\u00e3o, que \u00e9 lembrado no \u00faltimo domingo do m\u00eas.<\/p>\n<p>Com objetivo de conscientizar a popula\u00e7\u00e3o, o Hospital Universit\u00e1rio da UFJF (HU-UFJF\/EBSERH) promove, nesta quarta-feira, 23, a\u00e7\u00f5es de preven\u00e7\u00e3o e conscientiza\u00e7\u00e3o sobre a doen\u00e7a. A iniciativa integra o \u201cJaneiro Roxo\u201d, que m\u00eas dedicado ao enfrentamento da enfermidade em todo o pa\u00eds.<\/p>\n<p>Equipes da resid\u00eancia multiprofissional do HU-UFJF\/EBSERH v\u00e3o estar presentes nos ambulat\u00f3rios da Unidade Dom Bosco, no 1\u00b0 e 2\u00b0 andar, e no Posto de Atendimento M\u00e9dico (PAM) Marechal, no centro de Juiz de Fora. Al\u00e9m da orienta\u00e7\u00e3o e do esclarecimento de d\u00favidas da popula\u00e7\u00e3o, ser\u00e3o distribu\u00eddas cartilhas explicativas. \u201cO objetivo \u00e9 conscientizar as pessoas em rela\u00e7\u00e3o \u00e0 import\u00e2ncia do diagn\u00f3stico precoce da hansen\u00edase. Ent\u00e3o, a gente quer informar as pessoas sobre quais s\u00e3o os primeiros sintomas da doen\u00e7a porque quanto mais cedo as pessoas perceberem os sintomas, ela deve procurar o atendimento m\u00e9dico para que seja feito o diagn\u00f3stico e come\u00e7ar o tratamento para evitar as sequelas da doen\u00e7a.\u201d, destaca Liliany Loures, fisioterapeuta do HU-UFJF\/EBSERH e coordenadora das a\u00e7\u00f5es.<\/p>\n<p>De acordo com a profissional, as pessoas chegam ao ambulat\u00f3rio em situa\u00e7\u00e3o mais avan\u00e7ada da doen\u00e7a. \u201cJ\u00e1 tem manifesta\u00e7\u00f5es mais tardias e podendo ter sequelas da doen\u00e7a, n\u00e3o conseguindo reverter todo o quadro\u201d, disse. As a\u00e7\u00f5es ser\u00e3o realizadas de 8h30 ao meio-dia.<\/p>\n<p>&nbsp;<\/p>\n","protected":false},"excerpt":{"rendered":"<p>O \u201cJaneiro Roxo\u201d \u00e9 marcado como m\u00eas de combate e preven\u00e7\u00e3o para o tratamento precoce e enfrentamento da Hansen\u00edase, considerada uma das doen\u00e7as mais antigas da humanidade. De acordo com dados do Minist\u00e9rio da Sa\u00fade, em 2016 mais de 28.000 novos casos da doen\u00e7a foram registrados no Brasil. Ainda no mesmo ano, o Minist\u00e9rio oficializou [&hellip;]<\/p>\n","protected":false},"author":96,"featured_media":131695,"comment_status":"closed","ping_status":"closed","sticky":false,"template":"","format":"standard","meta":{"footnotes":""},"categories":[253,436,440,439],"tags":[],"class_list":["post-131690","post","type-post","status-publish","format-standard","has-post-thumbnail","hentry","category-cidade","category-destaque-da-semana","category-destaques-do-dia","category-ultima-hora"],"_links":{"self":[{"href":"https:\/\/diarioregionaldigital.com.br\/index.php?rest_route=\/wp\/v2\/posts\/131690","targetHints":{"allow":["GET"]}}],"collection":[{"href":"https:\/\/diarioregionaldigital.com.br\/index.php?rest_route=\/wp\/v2\/posts"}],"about":[{"href":"https:\/\/diarioregionaldigital.com.br\/index.php?rest_route=\/wp\/v2\/types\/post"}],"author":[{"embeddable":true,"href":"https:\/\/diarioregionaldigital.com.br\/index.php?rest_route=\/wp\/v2\/users\/96"}],"replies":[{"embeddable":true,"href":"https:\/\/diarioregionaldigital.com.br\/index.php?rest_route=%2Fwp%2Fv2%2Fcomments&post=131690"}],"version-history":[{"count":0,"href":"https:\/\/diarioregionaldigital.com.br\/index.php?rest_route=\/wp\/v2\/posts\/131690\/revisions"}],"wp:featuredmedia":[{"embeddable":true,"href":"https:\/\/diarioregionaldigital.com.br\/index.php?rest_route=\/wp\/v2\/media\/131695"}],"wp:attachment":[{"href":"https:\/\/diarioregionaldigital.com.br\/index.php?rest_route=%2Fwp%2Fv2%2Fmedia&parent=131690"}],"wp:term":[{"taxonomy":"category","embeddable":true,"href":"https:\/\/diarioregionaldigital.com.br\/index.php?rest_route=%2Fwp%2Fv2%2Fcategories&post=131690"},{"taxonomy":"post_tag","embeddable":true,"href":"https:\/\/diarioregionaldigital.com.br\/index.php?rest_route=%2Fwp%2Fv2%2Ftags&post=131690"}],"curies":[{"name":"wp","href":"https:\/\/api.w.org\/{rel}","templated":true}]}}