{"id":131687,"date":"2019-01-22T19:19:47","date_gmt":"2019-01-22T21:19:47","guid":{"rendered":"https:\/\/diarioregionaldigital.com.br\/?p=131687"},"modified":"2019-01-22T19:19:47","modified_gmt":"2019-01-22T21:19:47","slug":"casal-e-vitima-de-roubo-em-ponto-de-onibus-da-avenida-rio-branco","status":"publish","type":"post","link":"https:\/\/diarioregionaldigital.com.br\/?p=131687","title":{"rendered":"Casal \u00e9 v\u00edtima de roubo em ponto de \u00f4nibus da Avenida Rio Branco"},"content":{"rendered":"<p>Um rapaz, 22, e uma jovem, 19, foram v\u00edtimas de assalto na noite dessa segunda-feira, 21, em um ponto de \u00f4nibus da Avenida Bar\u00e3o do Rio Branco, na altura do Bairro Mariano Proc\u00f3pio, regi\u00e3o Nordeste.<\/p>\n<p>De acordo com as informa\u00e7\u00f5es, eles foram surpreendidos por um adolescente, de apenas 15 anos, e um homem, 25. As v\u00edtimas contaram \u00e0 Pol\u00edcia Militar que os dois suspeitos estavam sentados alguns metros \u00e0 frente quando tentaram concretizar um roubo a outra mulher. No entanto, a v\u00edtima em quest\u00e3o, conseguiu se desvencilhar dos autores embarcando em um \u00f4nibus.<\/p>\n<p>Ap\u00f3s a a\u00e7\u00e3o falha, os autores surpreenderam o casal. Mostrando uma arma de fogo e amea\u00e7ando as v\u00edtimas, o rapaz anunciou o roubo e disse que iria atirar caso eles n\u00e3o entregassem o celular. O aparelho foi entregue e a dupla fugiu em seguida, a p\u00e9, sentido bairro Ladeira, zona Leste.<\/p>\n<p>Pouco ap\u00f3s a a\u00e7\u00e3o criminosa, a dupla foi vista por militares que circulavam pelo local, correndopela Avenida Brasil. O motorista de um \u00f4nibus, na tentativa de alertar os policiais, piscava o farol e buzinada, apontando para os envolvidos. Ao avistarem a presen\u00e7a da PM, os dois passaram a caminhar e demonstravam nervosismo. A equipe policial suspeitou da atitude da dupla, e retornou para fazer a abordagem. Eles confessaram ter cometido o assalto e foram reconhecidos pelas v\u00edtimas.<\/p>\n<p>Durante abordagem, foram encontrados, com o mais velho, um rev\u00f3lver calibre 32, com capacidade para 5 muni\u00e7\u00f5es e o celular roubado. Com o adolescente, na mochila, a PM encontrou uma m\u00e1scara metade prateada com estampa de uma caveira e a outra metade de um rosto humano, possivelmente utilizada para a pr\u00e1tica de roubos. O rapaz, 25, foi preso em flagrante pelos crimes de roubo e por corrup\u00e7\u00e3o de menores. O adolescente foi apreendido pelo crime de roubo e encaminhado \u00e0 delegacia na companhia do respons\u00e1vel legal.<\/p>\n","protected":false},"excerpt":{"rendered":"<p>Um rapaz, 22, e uma jovem, 19, foram v\u00edtimas de assalto na noite dessa segunda-feira, 21, em um ponto de \u00f4nibus da Avenida Bar\u00e3o do Rio Branco, na altura do Bairro Mariano Proc\u00f3pio, regi\u00e3o Nordeste. De acordo com as informa\u00e7\u00f5es, eles foram surpreendidos por um adolescente, de apenas 15 anos, e um homem, 25. As [&hellip;]<\/p>\n","protected":false},"author":96,"featured_media":95836,"comment_status":"closed","ping_status":"closed","sticky":false,"template":"","format":"standard","meta":{"footnotes":""},"categories":[301,436,439],"tags":[],"class_list":["post-131687","post","type-post","status-publish","format-standard","has-post-thumbnail","hentry","category-artigos-policiais","category-destaque-da-semana","category-ultima-hora"],"_links":{"self":[{"href":"https:\/\/diarioregionaldigital.com.br\/index.php?rest_route=\/wp\/v2\/posts\/131687","targetHints":{"allow":["GET"]}}],"collection":[{"href":"https:\/\/diarioregionaldigital.com.br\/index.php?rest_route=\/wp\/v2\/posts"}],"about":[{"href":"https:\/\/diarioregionaldigital.com.br\/index.php?rest_route=\/wp\/v2\/types\/post"}],"author":[{"embeddable":true,"href":"https:\/\/diarioregionaldigital.com.br\/index.php?rest_route=\/wp\/v2\/users\/96"}],"replies":[{"embeddable":true,"href":"https:\/\/diarioregionaldigital.com.br\/index.php?rest_route=%2Fwp%2Fv2%2Fcomments&post=131687"}],"version-history":[{"count":0,"href":"https:\/\/diarioregionaldigital.com.br\/index.php?rest_route=\/wp\/v2\/posts\/131687\/revisions"}],"wp:featuredmedia":[{"embeddable":true,"href":"https:\/\/diarioregionaldigital.com.br\/index.php?rest_route=\/wp\/v2\/media\/95836"}],"wp:attachment":[{"href":"https:\/\/diarioregionaldigital.com.br\/index.php?rest_route=%2Fwp%2Fv2%2Fmedia&parent=131687"}],"wp:term":[{"taxonomy":"category","embeddable":true,"href":"https:\/\/diarioregionaldigital.com.br\/index.php?rest_route=%2Fwp%2Fv2%2Fcategories&post=131687"},{"taxonomy":"post_tag","embeddable":true,"href":"https:\/\/diarioregionaldigital.com.br\/index.php?rest_route=%2Fwp%2Fv2%2Ftags&post=131687"}],"curies":[{"name":"wp","href":"https:\/\/api.w.org\/{rel}","templated":true}]}}