{"id":131677,"date":"2019-01-22T16:10:53","date_gmt":"2019-01-22T18:10:53","guid":{"rendered":"https:\/\/diarioregionaldigital.com.br\/?p=131677"},"modified":"2019-01-22T16:10:53","modified_gmt":"2019-01-22T18:10:53","slug":"fux-diz-que-ministro-do-stf-nao-deve-recear-desagradar-opiniao-publica","status":"publish","type":"post","link":"https:\/\/diarioregionaldigital.com.br\/?p=131677","title":{"rendered":"Fux diz que ministro do STF n\u00e3o deve recear desagradar opini\u00e3o p\u00fablica"},"content":{"rendered":"<p>O ministro Luiz Fux, vice-presidente do Supremo Tribunal Federal (STF), disse hoje, 22, em evento sobre o combate \u00e0 corrup\u00e7\u00e3o, que os ministros da Corte n\u00e3o devem ter medo de desagradar a popula\u00e7\u00e3o ao tomar suas decis\u00f5es.<\/p>\n<p>\u201cO Supremo Tribunal Federal tem compromisso com a guarda da Constitui\u00e7\u00e3o. E nenhum receio de desagradar a opini\u00e3o p\u00fablica, ou de cair em impopularidade, pode fazer com que um ministro do Supremo Tribunal Federal abdique da sua independ\u00eancia&#8221;, disse Fux, respons\u00e1vel pelo plant\u00e3o do STF at\u00e9 1\u00ba de fevereiro.<\/p>\n<p>Como exemplo, o ministro citou a an\u00e1lise sobre a aplica\u00e7\u00e3o da Lei da Ficha Limpa, em 2010, quando seu voto desempatou o julgamento e fez com que a aplica\u00e7\u00e3o da legisla\u00e7\u00e3o de iniciativa popular fosse adiada para as elei\u00e7\u00f5es de 2012. \u201cNaquela oportunidade, n\u00e3o vou sonegar aos senhores que me assustei bastante com a repulsa popular\u201d, admitiu.<\/p>\n<p>O ministrou tamb\u00e9m exaltou o trabalho dos jornalistas, afirmando que \u201cquanto maior for a liberdade de imprensa, maior ser\u00e1 o combate \u00e0 corrup\u00e7\u00e3o\u201d.<\/p>\n<p>\u201cFoi a imprensa que inaugurou a estrat\u00e9gia de, em vez de focar nos corruptos, focar nos corruptores, quando produz o notici\u00e1rio. Que haja parceria leg\u00edtima entre a imprensa e as institui\u00e7\u00f5es de combate a corrup\u00e7\u00e3o\u201d, disse.<\/p>\n<h2>Dodge<\/h2>\n<p>As declara\u00e7\u00f5es foram dadas em evento organizado na Escola de Magistratura Federal, em Bras\u00edlia, sobre o combate \u00e0 corrup\u00e7\u00e3o em um estado democr\u00e1tico de direito, do qual tamb\u00e9m participou a procuradora-geral da Rep\u00fablica, Raquel Dodge, para quem a \u201ccorrup\u00e7\u00e3o \u00e9 uma morte social\u201d.<\/p>\n<p>\u201cNa \u00faltima elei\u00e7\u00e3o, a popula\u00e7\u00e3o deu uma resposta, manifestou-se nas urnas de uma forma que expressou claramente a sua intoler\u00e2ncia com a corrup\u00e7\u00e3o e seu anseio de construir uma sociedade mais \u00edntegra e honesta\u201d, afirmou.<\/p>\n<p>Fonte: Ag\u00eancia Brasil<\/p>\n","protected":false},"excerpt":{"rendered":"<p>O ministro Luiz Fux, vice-presidente do Supremo Tribunal Federal (STF), disse hoje, 22, em evento sobre o combate \u00e0 corrup\u00e7\u00e3o, que os ministros da Corte n\u00e3o devem ter medo de desagradar a popula\u00e7\u00e3o ao tomar suas decis\u00f5es. \u201cO Supremo Tribunal Federal tem compromisso com a guarda da Constitui\u00e7\u00e3o. E nenhum receio de desagradar a opini\u00e3o [&hellip;]<\/p>\n","protected":false},"author":96,"featured_media":131678,"comment_status":"closed","ping_status":"closed","sticky":false,"template":"","format":"standard","meta":{"footnotes":""},"categories":[302,436,439],"tags":[],"class_list":["post-131677","post","type-post","status-publish","format-standard","has-post-thumbnail","hentry","category-brasil-mundo","category-destaque-da-semana","category-ultima-hora"],"_links":{"self":[{"href":"https:\/\/diarioregionaldigital.com.br\/index.php?rest_route=\/wp\/v2\/posts\/131677","targetHints":{"allow":["GET"]}}],"collection":[{"href":"https:\/\/diarioregionaldigital.com.br\/index.php?rest_route=\/wp\/v2\/posts"}],"about":[{"href":"https:\/\/diarioregionaldigital.com.br\/index.php?rest_route=\/wp\/v2\/types\/post"}],"author":[{"embeddable":true,"href":"https:\/\/diarioregionaldigital.com.br\/index.php?rest_route=\/wp\/v2\/users\/96"}],"replies":[{"embeddable":true,"href":"https:\/\/diarioregionaldigital.com.br\/index.php?rest_route=%2Fwp%2Fv2%2Fcomments&post=131677"}],"version-history":[{"count":0,"href":"https:\/\/diarioregionaldigital.com.br\/index.php?rest_route=\/wp\/v2\/posts\/131677\/revisions"}],"wp:featuredmedia":[{"embeddable":true,"href":"https:\/\/diarioregionaldigital.com.br\/index.php?rest_route=\/wp\/v2\/media\/131678"}],"wp:attachment":[{"href":"https:\/\/diarioregionaldigital.com.br\/index.php?rest_route=%2Fwp%2Fv2%2Fmedia&parent=131677"}],"wp:term":[{"taxonomy":"category","embeddable":true,"href":"https:\/\/diarioregionaldigital.com.br\/index.php?rest_route=%2Fwp%2Fv2%2Fcategories&post=131677"},{"taxonomy":"post_tag","embeddable":true,"href":"https:\/\/diarioregionaldigital.com.br\/index.php?rest_route=%2Fwp%2Fv2%2Ftags&post=131677"}],"curies":[{"name":"wp","href":"https:\/\/api.w.org\/{rel}","templated":true}]}}